{"id":9951,"date":"2025-02-21T15:32:39","date_gmt":"2025-02-21T14:32:39","guid":{"rendered":"https:\/\/www.ferramentaparide.it\/blog\/?p=9951"},"modified":"2025-12-17T10:47:01","modified_gmt":"2025-12-17T09:47:01","slug":"rivenditori-vogel","status":"publish","type":"post","link":"https:\/\/www.ferramentaparide.it\/blog\/rivenditori-vogel\/","title":{"rendered":"RIVENDITORI VOGEL STRUMENTI DI MISURA"},"content":{"rendered":"\n<h2 class=\"wp-block-heading has-text-align-center\">Paride S.r.l. | Ferramenta a Vascon di Carbonera \u00e8 tra i rivenditori VOGEL strumenti di misura a Treviso e provincia e online.<\/h2>\n\n\n\n<div style=\"height:100px\" aria-hidden=\"true\" class=\"wp-block-spacer\"><\/div>\n\n\n\n<h2 class=\"wp-block-heading has-text-align-center\">Distributore ufficiale VOGEL a Treviso e online<\/h2>\n\n\n\n<div style=\"height:100px\" aria-hidden=\"true\" class=\"wp-block-spacer\"><\/div>\n\n\n\n<h3 class=\"wp-block-heading has-text-align-center\">Rivenditori Vogel strumenti di misura a Treviso e online \u2013 Distributore ufficiale VOGEL a Treviso e online<\/h3>\n\n\n\n<div style=\"height:100px\" aria-hidden=\"true\" class=\"wp-block-spacer\"><\/div>\n\n\n\n<p><strong><strong><strong>Paride S.r.l. | Ferramenta<\/strong><\/strong><\/strong>, tra i punti vendita e rivenditori\u00a0<strong>VOGEL strumenti di misura<\/strong>\u00a0a Treviso e provincia, presenta un vasto assortimento ed esposizione di squadre, calibri e strumenti di misura <strong><a href=\"https:\/\/www.ferramentaparide.it\/rivenditore-vogel-a-treviso\">VOGEL<\/a><\/strong>.<\/p>\n\n\n\n<div style=\"height:100px\" aria-hidden=\"true\" class=\"wp-block-spacer\"><\/div>\n\n\n<div class=\"wp-block-image\">\n<figure class=\"aligncenter size-full\"><a href=\"https:\/\/www.vogel-germany.de\/en\/\"><img fetchpriority=\"high\" decoding=\"async\" width=\"300\" height=\"300\" src=\"https:\/\/www.ferramentaparide.it\/blog\/wp-content\/uploads\/2025\/02\/rivenditore-distributore-ufficiale-vogel-strumenti-di-misura-a-treviso-e-online.jpg\" alt=\"rivenditore-distributore-ufficiale-vogel-strumenti-di-misura-a-treviso-e-online\" class=\"wp-image-9953\" srcset=\"https:\/\/www.ferramentaparide.it\/blog\/wp-content\/uploads\/2025\/02\/rivenditore-distributore-ufficiale-vogel-strumenti-di-misura-a-treviso-e-online.jpg 300w, https:\/\/www.ferramentaparide.it\/blog\/wp-content\/uploads\/2025\/02\/rivenditore-distributore-ufficiale-vogel-strumenti-di-misura-a-treviso-e-online-150x150.jpg 150w\" sizes=\"(max-width: 300px) 100vw, 300px\" \/><\/a><\/figure>\n<\/div>\n\n\n<div style=\"height:100px\" aria-hidden=\"true\" class=\"wp-block-spacer\"><\/div>\n\n\n\n<p>Molti articoli sono disponibili in pronta consegna e tutti i prodotti del catalogo\u00a0<strong><strong>VOGEL strumenti di misura<\/strong> <\/strong>possono essere ordinati e\u00a0<strong><a href=\"http:\/\/www.ferramentaparide.it\/treviso-costi-e-spedizioni\">consegnati<\/a>\u00a0<\/strong>in breve tempo.<\/p>\n\n\n\n<div style=\"height:100px\" aria-hidden=\"true\" class=\"wp-block-spacer\"><\/div>\n\n\n\n<p>Se vuoi saperne di pi\u00f9 sui prodotti\u00a0<strong><strong><strong>VOGEL strumenti di misura<\/strong><\/strong><\/strong>, nell\u2019<a href=\"https:\/\/www.ferramentaparide.it\/index.php?route=product\/search&amp;search=vogel\"><strong>e-Commerce\u00a0<\/strong><\/a>di Paride S.r.l. puoi trovarne alcuni; altrimenti\u00a0<a href=\"http:\/\/www.ferramentaparide.it\/index.php?route=information\/contact\"><strong>vieni a trovarci<\/strong><\/a>\u00a0presso il punto vendita per curiosare nel reparto espositivo\u00a0<strong><strong><strong>VOGEL<\/strong><\/strong><\/strong>.<\/p>\n\n\n\n<div style=\"height:100px\" aria-hidden=\"true\" class=\"wp-block-spacer\"><\/div>\n\n\n<div class=\"wp-block-image\">\n<figure class=\"aligncenter size-large\"><a href=\"http:\/\/www.ferramentaparide.it\/\"><img decoding=\"async\" width=\"820\" height=\"315\" src=\"https:\/\/www.ferramentaparide.it\/blog\/wp-content\/uploads\/2020\/08\/immagine-copertina-fb.jpg\" alt=\"immagine-copertina-fb\" class=\"wp-image-2337\"\/><\/a><\/figure>\n<\/div>\n\n\n<div style=\"height:100px\" aria-hidden=\"true\" class=\"wp-block-spacer\"><\/div>\n\n\n\n<h3 class=\"wp-block-heading\">L&#8217;azienda in pillole<\/h3>\n\n\n\n<div style=\"height:100px\" aria-hidden=\"true\" class=\"wp-block-spacer\"><\/div>\n\n\n\n<p><strong><a href=\"https:\/\/www.ferramentaparide.it\/rivenditore-vogel-a-treviso\">Vogel Germany GmbH &amp; Co. KG<\/a><\/strong> \u00e8 un&#8217;azienda tedesca con sede a Kevelaer, fondata nel 1949. <\/p>\n\n\n\n<div style=\"height:100px\" aria-hidden=\"true\" class=\"wp-block-spacer\"><\/div>\n\n\n\n<p>Specializzata nella produzione e distribuzione di strumenti di misura di precisione e strumenti di controllo, Vogel Germany \u00e8 nota per la sua eccellenza nella qualit\u00e0 e l&#8217;innovazione.<\/p>\n\n\n\n<div style=\"height:100px\" aria-hidden=\"true\" class=\"wp-block-spacer\"><\/div>\n\n\n\n<p>L&#8217;azienda \u00e8 certificata ISO 9001:2015, garantendo che i suoi prodotti rispettino gli standard pi\u00f9 elevati di qualit\u00e0 e sicurezza.<\/p>\n\n\n\n<div style=\"height:100px\" aria-hidden=\"true\" class=\"wp-block-spacer\"><\/div>\n\n\n\n<p><strong>Vogel Germany<\/strong> offre una vasta gamma di prodotti, tra cui righelli digitali, calibri, micrometri, strumenti di ispezione e kit di controllo. <\/p>\n\n\n\n<div style=\"height:100px\" aria-hidden=\"true\" class=\"wp-block-spacer\"><\/div>\n\n\n<div class=\"wp-block-image\">\n<figure class=\"aligncenter size-full\"><img decoding=\"async\" width=\"480\" height=\"480\" src=\"https:\/\/www.ferramentaparide.it\/blog\/wp-content\/uploads\/2025\/02\/rivenditore-distributore-ufficiale-vogel-calibri-a-treviso-e-online.jpg\" alt=\"rivenditore-distributore-ufficiale-vogel-calibri-a-treviso-e-online\" class=\"wp-image-9954\" srcset=\"https:\/\/www.ferramentaparide.it\/blog\/wp-content\/uploads\/2025\/02\/rivenditore-distributore-ufficiale-vogel-calibri-a-treviso-e-online.jpg 480w, https:\/\/www.ferramentaparide.it\/blog\/wp-content\/uploads\/2025\/02\/rivenditore-distributore-ufficiale-vogel-calibri-a-treviso-e-online-300x300.jpg 300w, https:\/\/www.ferramentaparide.it\/blog\/wp-content\/uploads\/2025\/02\/rivenditore-distributore-ufficiale-vogel-calibri-a-treviso-e-online-150x150.jpg 150w\" sizes=\"(max-width: 480px) 100vw, 480px\" \/><\/figure>\n<\/div>\n\n\n<div style=\"height:100px\" aria-hidden=\"true\" class=\"wp-block-spacer\"><\/div>\n\n\n\n<p>I prodotti sono progettati per soddisfare le esigenze di vari settori, tra cui l&#8217;industria automobilistica, l&#8217;aerospaziale e la manifattura. <\/p>\n\n\n\n<div style=\"height:100px\" aria-hidden=\"true\" class=\"wp-block-spacer\"><\/div>\n\n\n\n<p>L&#8217;azienda si distingue per la sua capacit\u00e0 di fornire soluzioni su misura e per il suo impegno nel supportare i clienti con servizi di calibrazione, manutenzione e formazione.<\/p>\n\n\n\n<div style=\"height:100px\" aria-hidden=\"true\" class=\"wp-block-spacer\"><\/div>\n\n\n\n<p>L&#8217;innovazione \u00e8 al centro della filosofia aziendale di <strong>Vogel Germany<\/strong>, che investe costantemente in ricerca e sviluppo per migliorare le prestazioni dei suoi prodotti. <\/p>\n\n\n\n<div style=\"height:100px\" aria-hidden=\"true\" class=\"wp-block-spacer\"><\/div>\n\n\n\n<p>La qualit\u00e0 e la precisione dei suoi strumenti rendono <strong>Vogel Germany<\/strong> un partner affidabile per professionisti e appassionati di precisione in tutto il mondo.<\/p>\n\n\n\n<div style=\"height:100px\" aria-hidden=\"true\" class=\"wp-block-spacer\"><\/div>\n\n\n\n<h3 class=\"wp-block-heading\">Rivenditori <strong>VOGEL<\/strong>: strumenti di misura per il professionista<\/h3>\n\n\n\n<div style=\"height:100px\" aria-hidden=\"true\" class=\"wp-block-spacer\"><\/div>\n\n\n\n<p><a href=\"https:\/\/www.ferramentaparide.it\/blog\/ferramenta-paride-treviso-chi-siamo\/\"><strong>Paride S.r.l.<\/strong><\/a> \u00e8 partner e rivenditore autorizzato <strong><strong>VOGEL strumenti di misura<\/strong><\/strong> a Treviso da molti anni:\u00a0<strong><strong>VOGEL<\/strong>\u00a0<\/strong>\u00e8\u00a0 sinonimo di qualit\u00e0 e affidabilit\u00e0 per il professionista e per il privato.<\/p>\n\n\n\n<div style=\"height:100px\" aria-hidden=\"true\" class=\"wp-block-spacer\"><\/div>\n\n\n\n<p>Tutti gli altri marchi di <strong>Paride<\/strong> sono a&nbsp;<a href=\"https:\/\/www.ferramentaparide.it\/blog\/category\/rivenditore-autorizzato-centro-assistenza-a-treviso\/\"><strong>questo link<\/strong><\/a>.<\/p>\n\n\n\n<div style=\"height:100px\" aria-hidden=\"true\" class=\"wp-block-spacer\"><\/div>\n\n\n\n<h3 class=\"wp-block-heading\">Contattaci per maggiori informazioni<\/h3>\n\n\n\n<div style=\"height:50px\" aria-hidden=\"true\" class=\"wp-block-spacer\"><\/div>\n\n\n\n<p><br>Necessiti di informazioni per la disponibilit\u00e0 di abrasivi\u00a0<strong><strong><strong>VOGEL<\/strong><\/strong><\/strong> (squadre, calibri, micrometri, etc.)?\u00a0<\/p>\n\n\n\n<div style=\"height:50px\" aria-hidden=\"true\" class=\"wp-block-spacer\"><\/div>\n\n\n\n<p>Chiedi di parlare con un nostro tecnico specializzato oppure invia la tua richiesta di preventivo alla mail che trovi nella sezione&nbsp;<a href=\"http:\/\/www.ferramentaparide.it\/index.php?route=information\/contact\"><strong>contatti<\/strong><\/a>.<\/p>\n\n\n\n<div style=\"height:100px\" aria-hidden=\"true\" class=\"wp-block-spacer\"><\/div>\n\n\n\n<div class=\"wp-block-buttons is-content-justification-center is-layout-flex wp-container-core-buttons-is-layout-16018d1d wp-block-buttons-is-layout-flex\">\n<div class=\"wp-block-button\"><a class=\"wp-block-button__link has-background has-text-align-center wp-element-button\" href=\"https:\/\/www.ferramentaparide.it\/index.php?route=information\/contact\" style=\"background-color:#0d91d7\">Contattaci per informazioni<\/a><\/div>\n<\/div>\n\n\n\n<div style=\"height:100px\" aria-hidden=\"true\" class=\"wp-block-spacer\"><\/div>\n\n\n\n<p>Vuoi far sapere ai tuoi amici che <strong>Paride S.r.l. | Ferramenta<\/strong> \u00e8 tra i rivenditori <strong><strong>VOGEL<\/strong><\/strong> <strong>strumenti di misura<\/strong> a Treviso e provincia?<\/p>\n\n\n\n<div style=\"height:50px\" aria-hidden=\"true\" class=\"wp-block-spacer\"><\/div>\n\n\n\n<p>Allora condividi questa pagina nei&nbsp;<a href=\"https:\/\/www.facebook.com\/ferramentaparide?ref=hl\"><strong>social<\/strong><\/a>!<\/p>\n\n\n\n<div style=\"height:100px\" aria-hidden=\"true\" class=\"wp-block-spacer\"><\/div>\n","protected":false},"excerpt":{"rendered":"<p>Paride S.r.l. | Ferramenta a Vascon di Carbonera \u00e8 tra i rivenditori VOGEL strumenti di misura a Treviso e provincia e online. Distributore ufficiale VOGEL a Treviso e online Rivenditori Vogel strumenti di misura a Treviso e online \u2013 Distributore ufficiale VOGEL a Treviso e online Paride S.r.l. | Ferramenta, tra i punti vendita e&hellip;<\/p>\n","protected":false},"author":2,"featured_media":9952,"comment_status":"open","ping_status":"open","sticky":false,"template":"","format":"standard","meta":{"footnotes":""},"categories":[17],"tags":[725,268,2216,18,2219,19,2220,2221,52,405,2218,2222,2217],"class_list":["post-9951","post","type-post","status-publish","format-standard","has-post-thumbnail","hentry","category-rivenditore-autorizzato-centro-assistenza-a-treviso","tag-cataloghi","tag-catalogo","tag-catalogo-vogel","tag-rivenditore","tag-rivenditore-vogel","tag-rivenditori","tag-rivenditori-vogel-a-treviso","tag-rivenditori-vogel-online","tag-treviso","tag-treviso-e-provincia","tag-vogel-online","tag-vogel-squadre","tag-vogel-strumenti-di-misura","category-17","description-off"],"yoast_head":"<!-- This site is optimized with the Yoast SEO plugin v27.5 - https:\/\/yoast.com\/product\/yoast-seo-wordpress\/ -->\n<title>[2026] Rivenditori VOGEL Strumenti di misura | Paride S.r.l.<\/title>\n<meta name=\"description\" content=\"Paride a Vascon di Carbonera \u00e8 tra i rivenditori VOGEL strumenti di misura a Treviso e provincia | Squadre, calibri, micrometri online &gt;\" \/>\n<meta name=\"robots\" content=\"index, follow, max-snippet:-1, max-image-preview:large, max-video-preview:-1\" \/>\n<link rel=\"canonical\" href=\"https:\/\/www.ferramentaparide.it\/blog\/rivenditori-vogel\/\" \/>\n<meta property=\"og:locale\" content=\"it_IT\" \/>\n<meta property=\"og:type\" content=\"article\" \/>\n<meta property=\"og:title\" content=\"[2026] Rivenditori VOGEL Strumenti di misura | Paride S.r.l.\" \/>\n<meta property=\"og:description\" content=\"Paride a Vascon di Carbonera \u00e8 tra i rivenditori VOGEL strumenti di misura a Treviso e provincia | Squadre, calibri, micrometri online &gt;\" \/>\n<meta property=\"og:url\" content=\"https:\/\/www.ferramentaparide.it\/blog\/rivenditori-vogel\/\" \/>\n<meta property=\"og:site_name\" content=\"Ferramenta Paride\" \/>\n<meta property=\"article:published_time\" content=\"2025-02-21T14:32:39+00:00\" \/>\n<meta property=\"article:modified_time\" content=\"2025-12-17T09:47:01+00:00\" \/>\n<meta property=\"og:image\" content=\"https:\/\/www.ferramentaparide.it\/blog\/wp-content\/uploads\/2025\/02\/ferramenta-paride-rivenditori-vogel-strumenti-di-misura-a-treviso.jpg\" \/>\n\t<meta property=\"og:image:width\" content=\"640\" \/>\n\t<meta property=\"og:image:height\" content=\"480\" \/>\n\t<meta property=\"og:image:type\" content=\"image\/jpeg\" \/>\n<meta name=\"author\" content=\"Amministratore\" \/>\n<meta name=\"twitter:card\" content=\"summary_large_image\" \/>\n<meta name=\"twitter:label1\" content=\"Scritto da\" \/>\n\t<meta name=\"twitter:data1\" content=\"Amministratore\" \/>\n\t<meta name=\"twitter:label2\" content=\"Tempo di lettura stimato\" \/>\n\t<meta name=\"twitter:data2\" content=\"4 minuti\" \/>\n<script type=\"application\/ld+json\" class=\"yoast-schema-graph\">{\"@context\":\"https:\\\/\\\/schema.org\",\"@graph\":[{\"@type\":\"Article\",\"@id\":\"https:\\\/\\\/www.ferramentaparide.it\\\/blog\\\/rivenditori-vogel\\\/#article\",\"isPartOf\":{\"@id\":\"https:\\\/\\\/www.ferramentaparide.it\\\/blog\\\/rivenditori-vogel\\\/\"},\"author\":{\"name\":\"Amministratore\",\"@id\":\"https:\\\/\\\/www.ferramentaparide.it\\\/blog\\\/#\\\/schema\\\/person\\\/c4b5d43ff223cadd8241221ebf22ba59\"},\"headline\":\"RIVENDITORI VOGEL STRUMENTI DI MISURA\",\"datePublished\":\"2025-02-21T14:32:39+00:00\",\"dateModified\":\"2025-12-17T09:47:01+00:00\",\"mainEntityOfPage\":{\"@id\":\"https:\\\/\\\/www.ferramentaparide.it\\\/blog\\\/rivenditori-vogel\\\/\"},\"wordCount\":448,\"commentCount\":0,\"publisher\":{\"@id\":\"https:\\\/\\\/www.ferramentaparide.it\\\/blog\\\/#organization\"},\"image\":{\"@id\":\"https:\\\/\\\/www.ferramentaparide.it\\\/blog\\\/rivenditori-vogel\\\/#primaryimage\"},\"thumbnailUrl\":\"https:\\\/\\\/www.ferramentaparide.it\\\/blog\\\/wp-content\\\/uploads\\\/2025\\\/02\\\/ferramenta-paride-rivenditori-vogel-strumenti-di-misura-a-treviso.jpg\",\"keywords\":[\"CATALOGHI\",\"CATALOGO\",\"CATALOGO VOGEL\",\"RIVENDITORE\",\"RIVENDITORE VOGEL\",\"RIVENDITORI\",\"RIVENDITORI VOGEL A TREVISO\",\"RIVENDITORI VOGEL ONLINE\",\"TREVISO\",\"TREVISO E PROVINCIA\",\"VOGEL ONLINE\",\"VOGEL SQUADRE\",\"VOGEL STRUMENTI DI MISURA\"],\"articleSection\":[\"RIVENDITORE AUTORIZZATO CENTRO ASSISTENZA A TREVISO\"],\"inLanguage\":\"it-IT\",\"potentialAction\":[{\"@type\":\"CommentAction\",\"name\":\"Comment\",\"target\":[\"https:\\\/\\\/www.ferramentaparide.it\\\/blog\\\/rivenditori-vogel\\\/#respond\"]}]},{\"@type\":\"WebPage\",\"@id\":\"https:\\\/\\\/www.ferramentaparide.it\\\/blog\\\/rivenditori-vogel\\\/\",\"url\":\"https:\\\/\\\/www.ferramentaparide.it\\\/blog\\\/rivenditori-vogel\\\/\",\"name\":\"[2026] Rivenditori VOGEL Strumenti di misura | Paride S.r.l.\",\"isPartOf\":{\"@id\":\"https:\\\/\\\/www.ferramentaparide.it\\\/blog\\\/#website\"},\"primaryImageOfPage\":{\"@id\":\"https:\\\/\\\/www.ferramentaparide.it\\\/blog\\\/rivenditori-vogel\\\/#primaryimage\"},\"image\":{\"@id\":\"https:\\\/\\\/www.ferramentaparide.it\\\/blog\\\/rivenditori-vogel\\\/#primaryimage\"},\"thumbnailUrl\":\"https:\\\/\\\/www.ferramentaparide.it\\\/blog\\\/wp-content\\\/uploads\\\/2025\\\/02\\\/ferramenta-paride-rivenditori-vogel-strumenti-di-misura-a-treviso.jpg\",\"datePublished\":\"2025-02-21T14:32:39+00:00\",\"dateModified\":\"2025-12-17T09:47:01+00:00\",\"description\":\"Paride a Vascon di Carbonera \u00e8 tra i rivenditori VOGEL strumenti di misura a Treviso e provincia | Squadre, calibri, micrometri online >\",\"breadcrumb\":{\"@id\":\"https:\\\/\\\/www.ferramentaparide.it\\\/blog\\\/rivenditori-vogel\\\/#breadcrumb\"},\"inLanguage\":\"it-IT\",\"potentialAction\":[{\"@type\":\"ReadAction\",\"target\":[\"https:\\\/\\\/www.ferramentaparide.it\\\/blog\\\/rivenditori-vogel\\\/\"]}]},{\"@type\":\"ImageObject\",\"inLanguage\":\"it-IT\",\"@id\":\"https:\\\/\\\/www.ferramentaparide.it\\\/blog\\\/rivenditori-vogel\\\/#primaryimage\",\"url\":\"https:\\\/\\\/www.ferramentaparide.it\\\/blog\\\/wp-content\\\/uploads\\\/2025\\\/02\\\/ferramenta-paride-rivenditori-vogel-strumenti-di-misura-a-treviso.jpg\",\"contentUrl\":\"https:\\\/\\\/www.ferramentaparide.it\\\/blog\\\/wp-content\\\/uploads\\\/2025\\\/02\\\/ferramenta-paride-rivenditori-vogel-strumenti-di-misura-a-treviso.jpg\",\"width\":640,\"height\":480,\"caption\":\"ferramenta-paride-rivenditori-vogel-strumenti-di-misura-a-treviso\"},{\"@type\":\"BreadcrumbList\",\"@id\":\"https:\\\/\\\/www.ferramentaparide.it\\\/blog\\\/rivenditori-vogel\\\/#breadcrumb\",\"itemListElement\":[{\"@type\":\"ListItem\",\"position\":1,\"name\":\"Home\",\"item\":\"https:\\\/\\\/www.ferramentaparide.it\\\/blog\\\/\"},{\"@type\":\"ListItem\",\"position\":2,\"name\":\"RIVENDITORI VOGEL STRUMENTI DI MISURA\"}]},{\"@type\":\"WebSite\",\"@id\":\"https:\\\/\\\/www.ferramentaparide.it\\\/blog\\\/#website\",\"url\":\"https:\\\/\\\/www.ferramentaparide.it\\\/blog\\\/\",\"name\":\"Ferramenta Paride\",\"description\":\"Il Servizio per il Professionista\",\"publisher\":{\"@id\":\"https:\\\/\\\/www.ferramentaparide.it\\\/blog\\\/#organization\"},\"potentialAction\":[{\"@type\":\"SearchAction\",\"target\":{\"@type\":\"EntryPoint\",\"urlTemplate\":\"https:\\\/\\\/www.ferramentaparide.it\\\/blog\\\/?s={search_term_string}\"},\"query-input\":{\"@type\":\"PropertyValueSpecification\",\"valueRequired\":true,\"valueName\":\"search_term_string\"}}],\"inLanguage\":\"it-IT\"},{\"@type\":\"Organization\",\"@id\":\"https:\\\/\\\/www.ferramentaparide.it\\\/blog\\\/#organization\",\"name\":\"Ferramenta Paride\",\"url\":\"https:\\\/\\\/www.ferramentaparide.it\\\/blog\\\/\",\"logo\":{\"@type\":\"ImageObject\",\"inLanguage\":\"it-IT\",\"@id\":\"https:\\\/\\\/www.ferramentaparide.it\\\/blog\\\/#\\\/schema\\\/logo\\\/image\\\/\",\"url\":\"https:\\\/\\\/www.ferramentaparide.it\\\/blog\\\/wp-content\\\/uploads\\\/2023\\\/11\\\/Logo_Ferramenta_Paride_20180225.webp\",\"contentUrl\":\"https:\\\/\\\/www.ferramentaparide.it\\\/blog\\\/wp-content\\\/uploads\\\/2023\\\/11\\\/Logo_Ferramenta_Paride_20180225.webp\",\"width\":167,\"height\":25,\"caption\":\"Ferramenta Paride\"},\"image\":{\"@id\":\"https:\\\/\\\/www.ferramentaparide.it\\\/blog\\\/#\\\/schema\\\/logo\\\/image\\\/\"}},{\"@type\":\"Person\",\"@id\":\"https:\\\/\\\/www.ferramentaparide.it\\\/blog\\\/#\\\/schema\\\/person\\\/c4b5d43ff223cadd8241221ebf22ba59\",\"name\":\"Amministratore\",\"image\":{\"@type\":\"ImageObject\",\"inLanguage\":\"it-IT\",\"@id\":\"https:\\\/\\\/secure.gravatar.com\\\/avatar\\\/65250d644d0b69af20450314cf24e17fd4d93e49e6bcee3a036c2cef1b1c6439?s=96&d=mm&r=g\",\"url\":\"https:\\\/\\\/secure.gravatar.com\\\/avatar\\\/65250d644d0b69af20450314cf24e17fd4d93e49e6bcee3a036c2cef1b1c6439?s=96&d=mm&r=g\",\"contentUrl\":\"https:\\\/\\\/secure.gravatar.com\\\/avatar\\\/65250d644d0b69af20450314cf24e17fd4d93e49e6bcee3a036c2cef1b1c6439?s=96&d=mm&r=g\",\"caption\":\"Amministratore\"},\"url\":\"https:\\\/\\\/www.ferramentaparide.it\\\/blog\\\/author\\\/ferramenta_admin_001\\\/\"}]}<\/script>\n<!-- \/ Yoast SEO plugin. -->","yoast_head_json":{"title":"[2026] Rivenditori VOGEL Strumenti di misura | Paride S.r.l.","description":"Paride a Vascon di Carbonera \u00e8 tra i rivenditori VOGEL strumenti di misura a Treviso e provincia | Squadre, calibri, micrometri online >","robots":{"index":"index","follow":"follow","max-snippet":"max-snippet:-1","max-image-preview":"max-image-preview:large","max-video-preview":"max-video-preview:-1"},"canonical":"https:\/\/www.ferramentaparide.it\/blog\/rivenditori-vogel\/","og_locale":"it_IT","og_type":"article","og_title":"[2026] Rivenditori VOGEL Strumenti di misura | Paride S.r.l.","og_description":"Paride a Vascon di Carbonera \u00e8 tra i rivenditori VOGEL strumenti di misura a Treviso e provincia | Squadre, calibri, micrometri online >","og_url":"https:\/\/www.ferramentaparide.it\/blog\/rivenditori-vogel\/","og_site_name":"Ferramenta Paride","article_published_time":"2025-02-21T14:32:39+00:00","article_modified_time":"2025-12-17T09:47:01+00:00","og_image":[{"width":640,"height":480,"url":"https:\/\/www.ferramentaparide.it\/blog\/wp-content\/uploads\/2025\/02\/ferramenta-paride-rivenditori-vogel-strumenti-di-misura-a-treviso.jpg","type":"image\/jpeg"}],"author":"Amministratore","twitter_card":"summary_large_image","twitter_misc":{"Scritto da":"Amministratore","Tempo di lettura stimato":"4 minuti"},"schema":{"@context":"https:\/\/schema.org","@graph":[{"@type":"Article","@id":"https:\/\/www.ferramentaparide.it\/blog\/rivenditori-vogel\/#article","isPartOf":{"@id":"https:\/\/www.ferramentaparide.it\/blog\/rivenditori-vogel\/"},"author":{"name":"Amministratore","@id":"https:\/\/www.ferramentaparide.it\/blog\/#\/schema\/person\/c4b5d43ff223cadd8241221ebf22ba59"},"headline":"RIVENDITORI VOGEL STRUMENTI DI MISURA","datePublished":"2025-02-21T14:32:39+00:00","dateModified":"2025-12-17T09:47:01+00:00","mainEntityOfPage":{"@id":"https:\/\/www.ferramentaparide.it\/blog\/rivenditori-vogel\/"},"wordCount":448,"commentCount":0,"publisher":{"@id":"https:\/\/www.ferramentaparide.it\/blog\/#organization"},"image":{"@id":"https:\/\/www.ferramentaparide.it\/blog\/rivenditori-vogel\/#primaryimage"},"thumbnailUrl":"https:\/\/www.ferramentaparide.it\/blog\/wp-content\/uploads\/2025\/02\/ferramenta-paride-rivenditori-vogel-strumenti-di-misura-a-treviso.jpg","keywords":["CATALOGHI","CATALOGO","CATALOGO VOGEL","RIVENDITORE","RIVENDITORE VOGEL","RIVENDITORI","RIVENDITORI VOGEL A TREVISO","RIVENDITORI VOGEL ONLINE","TREVISO","TREVISO E PROVINCIA","VOGEL ONLINE","VOGEL SQUADRE","VOGEL STRUMENTI DI MISURA"],"articleSection":["RIVENDITORE AUTORIZZATO CENTRO ASSISTENZA A TREVISO"],"inLanguage":"it-IT","potentialAction":[{"@type":"CommentAction","name":"Comment","target":["https:\/\/www.ferramentaparide.it\/blog\/rivenditori-vogel\/#respond"]}]},{"@type":"WebPage","@id":"https:\/\/www.ferramentaparide.it\/blog\/rivenditori-vogel\/","url":"https:\/\/www.ferramentaparide.it\/blog\/rivenditori-vogel\/","name":"[2026] Rivenditori VOGEL Strumenti di misura | Paride S.r.l.","isPartOf":{"@id":"https:\/\/www.ferramentaparide.it\/blog\/#website"},"primaryImageOfPage":{"@id":"https:\/\/www.ferramentaparide.it\/blog\/rivenditori-vogel\/#primaryimage"},"image":{"@id":"https:\/\/www.ferramentaparide.it\/blog\/rivenditori-vogel\/#primaryimage"},"thumbnailUrl":"https:\/\/www.ferramentaparide.it\/blog\/wp-content\/uploads\/2025\/02\/ferramenta-paride-rivenditori-vogel-strumenti-di-misura-a-treviso.jpg","datePublished":"2025-02-21T14:32:39+00:00","dateModified":"2025-12-17T09:47:01+00:00","description":"Paride a Vascon di Carbonera \u00e8 tra i rivenditori VOGEL strumenti di misura a Treviso e provincia | Squadre, calibri, micrometri online >","breadcrumb":{"@id":"https:\/\/www.ferramentaparide.it\/blog\/rivenditori-vogel\/#breadcrumb"},"inLanguage":"it-IT","potentialAction":[{"@type":"ReadAction","target":["https:\/\/www.ferramentaparide.it\/blog\/rivenditori-vogel\/"]}]},{"@type":"ImageObject","inLanguage":"it-IT","@id":"https:\/\/www.ferramentaparide.it\/blog\/rivenditori-vogel\/#primaryimage","url":"https:\/\/www.ferramentaparide.it\/blog\/wp-content\/uploads\/2025\/02\/ferramenta-paride-rivenditori-vogel-strumenti-di-misura-a-treviso.jpg","contentUrl":"https:\/\/www.ferramentaparide.it\/blog\/wp-content\/uploads\/2025\/02\/ferramenta-paride-rivenditori-vogel-strumenti-di-misura-a-treviso.jpg","width":640,"height":480,"caption":"ferramenta-paride-rivenditori-vogel-strumenti-di-misura-a-treviso"},{"@type":"BreadcrumbList","@id":"https:\/\/www.ferramentaparide.it\/blog\/rivenditori-vogel\/#breadcrumb","itemListElement":[{"@type":"ListItem","position":1,"name":"Home","item":"https:\/\/www.ferramentaparide.it\/blog\/"},{"@type":"ListItem","position":2,"name":"RIVENDITORI VOGEL STRUMENTI DI MISURA"}]},{"@type":"WebSite","@id":"https:\/\/www.ferramentaparide.it\/blog\/#website","url":"https:\/\/www.ferramentaparide.it\/blog\/","name":"Ferramenta Paride","description":"Il Servizio per il Professionista","publisher":{"@id":"https:\/\/www.ferramentaparide.it\/blog\/#organization"},"potentialAction":[{"@type":"SearchAction","target":{"@type":"EntryPoint","urlTemplate":"https:\/\/www.ferramentaparide.it\/blog\/?s={search_term_string}"},"query-input":{"@type":"PropertyValueSpecification","valueRequired":true,"valueName":"search_term_string"}}],"inLanguage":"it-IT"},{"@type":"Organization","@id":"https:\/\/www.ferramentaparide.it\/blog\/#organization","name":"Ferramenta Paride","url":"https:\/\/www.ferramentaparide.it\/blog\/","logo":{"@type":"ImageObject","inLanguage":"it-IT","@id":"https:\/\/www.ferramentaparide.it\/blog\/#\/schema\/logo\/image\/","url":"https:\/\/www.ferramentaparide.it\/blog\/wp-content\/uploads\/2023\/11\/Logo_Ferramenta_Paride_20180225.webp","contentUrl":"https:\/\/www.ferramentaparide.it\/blog\/wp-content\/uploads\/2023\/11\/Logo_Ferramenta_Paride_20180225.webp","width":167,"height":25,"caption":"Ferramenta Paride"},"image":{"@id":"https:\/\/www.ferramentaparide.it\/blog\/#\/schema\/logo\/image\/"}},{"@type":"Person","@id":"https:\/\/www.ferramentaparide.it\/blog\/#\/schema\/person\/c4b5d43ff223cadd8241221ebf22ba59","name":"Amministratore","image":{"@type":"ImageObject","inLanguage":"it-IT","@id":"https:\/\/secure.gravatar.com\/avatar\/65250d644d0b69af20450314cf24e17fd4d93e49e6bcee3a036c2cef1b1c6439?s=96&d=mm&r=g","url":"https:\/\/secure.gravatar.com\/avatar\/65250d644d0b69af20450314cf24e17fd4d93e49e6bcee3a036c2cef1b1c6439?s=96&d=mm&r=g","contentUrl":"https:\/\/secure.gravatar.com\/avatar\/65250d644d0b69af20450314cf24e17fd4d93e49e6bcee3a036c2cef1b1c6439?s=96&d=mm&r=g","caption":"Amministratore"},"url":"https:\/\/www.ferramentaparide.it\/blog\/author\/ferramenta_admin_001\/"}]}},"_links":{"self":[{"href":"https:\/\/www.ferramentaparide.it\/blog\/wp-json\/wp\/v2\/posts\/9951","targetHints":{"allow":["GET"]}}],"collection":[{"href":"https:\/\/www.ferramentaparide.it\/blog\/wp-json\/wp\/v2\/posts"}],"about":[{"href":"https:\/\/www.ferramentaparide.it\/blog\/wp-json\/wp\/v2\/types\/post"}],"author":[{"embeddable":true,"href":"https:\/\/www.ferramentaparide.it\/blog\/wp-json\/wp\/v2\/users\/2"}],"replies":[{"embeddable":true,"href":"https:\/\/www.ferramentaparide.it\/blog\/wp-json\/wp\/v2\/comments?post=9951"}],"version-history":[{"count":1,"href":"https:\/\/www.ferramentaparide.it\/blog\/wp-json\/wp\/v2\/posts\/9951\/revisions"}],"predecessor-version":[{"id":9955,"href":"https:\/\/www.ferramentaparide.it\/blog\/wp-json\/wp\/v2\/posts\/9951\/revisions\/9955"}],"wp:featuredmedia":[{"embeddable":true,"href":"https:\/\/www.ferramentaparide.it\/blog\/wp-json\/wp\/v2\/media\/9952"}],"wp:attachment":[{"href":"https:\/\/www.ferramentaparide.it\/blog\/wp-json\/wp\/v2\/media?parent=9951"}],"wp:term":[{"taxonomy":"category","embeddable":true,"href":"https:\/\/www.ferramentaparide.it\/blog\/wp-json\/wp\/v2\/categories?post=9951"},{"taxonomy":"post_tag","embeddable":true,"href":"https:\/\/www.ferramentaparide.it\/blog\/wp-json\/wp\/v2\/tags?post=9951"}],"curies":[{"name":"wp","href":"https:\/\/api.w.org\/{rel}","templated":true}]}}