{"id":9932,"date":"2025-02-21T11:17:16","date_gmt":"2025-02-21T10:17:16","guid":{"rendered":"https:\/\/www.ferramentaparide.it\/blog\/?p=9932"},"modified":"2025-12-17T10:46:38","modified_gmt":"2025-12-17T09:46:38","slug":"rivenditori-utensili-dremel","status":"publish","type":"post","link":"https:\/\/www.ferramentaparide.it\/blog\/rivenditori-utensili-dremel\/","title":{"rendered":"RIVENDITORI DREMEL A TREVISO"},"content":{"rendered":"\n<h2 class=\"wp-block-heading has-text-align-center\">Paride S.r.l. | Ferramenta a Vascon di Carbonera \u00e8 tra i rivenditori Dremel a Treviso e provincia e online.<\/h2>\n\n\n\n<div style=\"height:100px\" aria-hidden=\"true\" class=\"wp-block-spacer\"><\/div>\n\n\n\n<h2 class=\"wp-block-heading has-text-align-center\">Distributore ufficiale Dremel utensili a Treviso e online<br><\/h2>\n\n\n\n<div style=\"height:100px\" aria-hidden=\"true\" class=\"wp-block-spacer\"><\/div>\n\n\n\n<h3 class=\"wp-block-heading has-text-align-center\">Rivenditori DREMEL in Italia e online \u2013 Distributore ufficiale DREMEL a Treviso e online<\/h3>\n\n\n\n<div style=\"height:100px\" aria-hidden=\"true\" class=\"wp-block-spacer\"><\/div>\n\n\n\n<p><strong>Paride<\/strong> <strong>S.r.l. |<\/strong> <strong>Ferramenta <\/strong>, tra i punti vendita e rivenditori <strong>Dremel<\/strong>&nbsp;a Treviso e provincia, presenta un vasto assortimento ed esposizione di utensili a batteria per l&#8217;utilizzatore professionale e l&#8217;hobbista <strong><a href=\"https:\/\/www.ferramentaparide.it\/rivenditore-dremel-a-treviso\">Dremel<\/a><\/strong>.<\/p>\n\n\n\n<div style=\"height:75px\" aria-hidden=\"true\" class=\"wp-block-spacer\"><\/div>\n\n\n<div class=\"wp-block-image\">\n<figure class=\"aligncenter size-full\"><a href=\"https:\/\/www.dremel.com\/it\/it\"><img fetchpriority=\"high\" decoding=\"async\" width=\"300\" height=\"300\" src=\"https:\/\/www.ferramentaparide.it\/blog\/wp-content\/uploads\/2025\/02\/rivenditore-distributore-ufficiale-dremel-utensili-a-treviso-e-online.jpg\" alt=\"rivenditore-distributore-ufficiale-dremel-utensili-a-treviso-e-online\" class=\"wp-image-9935\" srcset=\"https:\/\/www.ferramentaparide.it\/blog\/wp-content\/uploads\/2025\/02\/rivenditore-distributore-ufficiale-dremel-utensili-a-treviso-e-online.jpg 300w, https:\/\/www.ferramentaparide.it\/blog\/wp-content\/uploads\/2025\/02\/rivenditore-distributore-ufficiale-dremel-utensili-a-treviso-e-online-150x150.jpg 150w\" sizes=\"(max-width: 300px) 100vw, 300px\" \/><\/a><\/figure>\n<\/div>\n\n\n<div style=\"height:75px\" aria-hidden=\"true\" class=\"wp-block-spacer\"><\/div>\n\n\n\n<p>Molti articoli sono disponibili in pronta consegna e tutti i prodotti del catalogo&nbsp;<strong>Dremel utensili e accessori<\/strong> possono essere ordinati e&nbsp;<a href=\"http:\/\/www.ferramentaparide.it\/treviso-costi-e-spedizioni\"><strong>consegnati<\/strong><\/a>&nbsp;in breve tempo.<\/p>\n\n\n\n<div style=\"height:100px\" aria-hidden=\"true\" class=\"wp-block-spacer\"><\/div>\n\n\n\n<p>Se vuoi saperne di pi\u00f9 sugli utensili <strong>Dremel <\/strong>a batteria, nell\u2019<a href=\"https:\/\/www.ferramentaparide.it\/rivenditore-dremel-a-treviso\"><strong>e-Commerce<\/strong><\/a> di Paride S.r.l. puoi trovarne alcuni.<\/p>\n\n\n\n<div style=\"height:100px\" aria-hidden=\"true\" class=\"wp-block-spacer\"><\/div>\n\n\n\n<p>Altrimenti&nbsp;<a href=\"http:\/\/www.ferramentaparide.it\/index.php?route=information\/contact\"><strong>vieni a trovarci<\/strong><\/a>&nbsp;presso il punto vendita per curiosare nel reparto espositivo utensili e accessori&nbsp;<strong>Dremel<\/strong>.<\/p>\n\n\n\n<div style=\"height:100px\" aria-hidden=\"true\" class=\"wp-block-spacer\"><\/div>\n\n\n<div class=\"wp-block-image\">\n<figure class=\"aligncenter size-large\"><a href=\"https:\/\/www.ferramentaparide.it\/rivenditore-dremel-a-treviso\"><img decoding=\"async\" width=\"820\" height=\"315\" src=\"https:\/\/www.ferramentaparide.it\/blog\/wp-content\/uploads\/2020\/08\/immagine-copertina-fb.jpg\" alt=\"immagine-copertina-fb\" class=\"wp-image-2337\"\/><\/a><\/figure>\n<\/div>\n\n\n<div style=\"height:100px\" aria-hidden=\"true\" class=\"wp-block-spacer\"><\/div>\n\n\n\n<h3 class=\"wp-block-heading\">L\u2019azienda in pillole<\/h3>\n\n\n\n<div style=\"height:100px\" aria-hidden=\"true\" class=\"wp-block-spacer\"><\/div>\n\n\n\n<p><strong><a href=\"https:\/\/www.ferramentaparide.it\/rivenditore-dremel-a-treviso\">Dremel<\/a><\/strong> \u00e8 un&#8217;azienda statunitense fondata nel 1932 da Albert J. Dremel, specializzata nella produzione di utensili ad alta velocit\u00e0 e di precisione. <\/p>\n\n\n\n<div style=\"height:100px\" aria-hidden=\"true\" class=\"wp-block-spacer\"><\/div>\n\n\n\n<p>Con sede a Racine, nel Wisconsin, Dremel \u00e8 celebre per i suoi utensili rotativi multifunzione, diventati uno standard nel settore per artigiani, hobbisti e professionisti.<\/p>\n\n\n\n<div style=\"height:100px\" aria-hidden=\"true\" class=\"wp-block-spacer\"><\/div>\n\n\n\n<p>Il prodotto iconico dell&#8217;azienda \u00e8 il <strong>Multi-Tool Dremel<\/strong>, un utensile rotativo ad alta velocit\u00e0 che ha rivoluzionato il modo di eseguire lavori di dettaglio come intaglio, incisione, levigatura, affilatura, pulizia e taglio. <\/p>\n\n\n\n<div style=\"height:100px\" aria-hidden=\"true\" class=\"wp-block-spacer\"><\/div>\n\n\n\n<p>Grazie alla sua versatilit\u00e0 e precisione, il Multi-Tool ha trovato applicazione in una vasta gamma di settori, dalla gioielleria alla carpenteria, dalla modellistica al restauro.<\/p>\n\n\n\n<div style=\"height:100px\" aria-hidden=\"true\" class=\"wp-block-spacer\"><\/div>\n\n\n\n<p>Nel corso degli anni, Dremel ha ampliato la sua gamma includendo utensili oscillanti, pistole per colla a caldo, stampanti 3D e una vasta linea di accessori e complementi. <\/p>\n\n\n\n<div style=\"height:100px\" aria-hidden=\"true\" class=\"wp-block-spacer\"><\/div>\n\n\n\n<p>L&#8217;azienda si distingue per l&#8217;innovazione continua, impegnandosi a fornire soluzioni che rendano i progetti dei clienti pi\u00f9 semplici, precisi e creativi.<\/p>\n\n\n\n<div style=\"height:100px\" aria-hidden=\"true\" class=\"wp-block-spacer\"><\/div>\n\n\n\n<p>Dal 1993 Dremel fa parte del gruppo <strong>Robert Bosch GmbH<\/strong>, beneficiando delle risorse e dell&#8217;esperienza di uno dei leader mondiali nel settore dell&#8217;ingegneria e della tecnologia.<\/p>\n\n\n\n<div style=\"height:100px\" aria-hidden=\"true\" class=\"wp-block-spacer\"><\/div>\n\n\n<div class=\"wp-block-image\">\n<figure class=\"aligncenter size-full\"><img decoding=\"async\" width=\"300\" height=\"150\" src=\"https:\/\/www.ferramentaparide.it\/blog\/wp-content\/uploads\/2017\/10\/ferramenta-paride-treviso-rivenditore-bosch.png\" alt=\"ferramenta-paride-treviso-rivenditore-bosch\" class=\"wp-image-115\"\/><\/figure>\n<\/div>\n\n\n<div style=\"height:100px\" aria-hidden=\"true\" class=\"wp-block-spacer\"><\/div>\n\n\n\n<p>Questa partnership ha permesso a <strong>Dremel<\/strong> di ampliare la sua presenza globale e di investire ulteriormente in ricerca e sviluppo.<\/p>\n\n\n\n<div style=\"height:100px\" aria-hidden=\"true\" class=\"wp-block-spacer\"><\/div>\n\n\n\n<p>La filosofia di <strong>Dremel <\/strong>si basa su tre pilastri fondamentali: qualit\u00e0, innovazione e orientamento al cliente. <\/p>\n\n\n\n<div style=\"height:100px\" aria-hidden=\"true\" class=\"wp-block-spacer\"><\/div>\n\n\n\n<p>L&#8217;azienda pone grande enfasi sulla soddisfazione dell&#8217;utente finale, offrendo supporto tecnico, tutorial e una comunit\u00e0 attiva di appassionati che condividono progetti e idee.<\/p>\n\n\n\n<div style=\"height:100px\" aria-hidden=\"true\" class=\"wp-block-spacer\"><\/div>\n\n\n\n<p>Con oltre 90 anni di esperienza <strong>Dremel<\/strong> continua a essere un punto di riferimento nel settore degli utensili di precisione. <\/p>\n\n\n\n<div style=\"height:100px\" aria-hidden=\"true\" class=\"wp-block-spacer\"><\/div>\n\n\n<div class=\"wp-block-image\">\n<figure class=\"aligncenter size-full\"><a href=\"https:\/\/www.ferramentaparide.it\/index.php?route=product\/search&amp;search=dremel\"><img loading=\"lazy\" decoding=\"async\" width=\"480\" height=\"480\" src=\"https:\/\/www.ferramentaparide.it\/blog\/wp-content\/uploads\/2025\/02\/rivenditore-distributore-ufficiale-dremel-utensili-online.jpg\" alt=\"rivenditore-distributore-ufficiale-dremel-utensili-online\" class=\"wp-image-9936\" srcset=\"https:\/\/www.ferramentaparide.it\/blog\/wp-content\/uploads\/2025\/02\/rivenditore-distributore-ufficiale-dremel-utensili-online.jpg 480w, https:\/\/www.ferramentaparide.it\/blog\/wp-content\/uploads\/2025\/02\/rivenditore-distributore-ufficiale-dremel-utensili-online-300x300.jpg 300w, https:\/\/www.ferramentaparide.it\/blog\/wp-content\/uploads\/2025\/02\/rivenditore-distributore-ufficiale-dremel-utensili-online-150x150.jpg 150w\" sizes=\"(max-width: 480px) 100vw, 480px\" \/><\/a><\/figure>\n<\/div>\n\n\n<div style=\"height:100px\" aria-hidden=\"true\" class=\"wp-block-spacer\"><\/div>\n\n\n\n<p>La combinazione di tecnologia avanzata, design ergonomico e affidabilit\u00e0 fa s\u00ec che i prodotti <strong>Dremel<\/strong> siano apprezzati sia dai professionisti che dagli appassionati del fai-da-te in tutto il mondo.<\/p>\n\n\n\n<div style=\"height:100px\" aria-hidden=\"true\" class=\"wp-block-spacer\"><\/div>\n\n\n\n<p>Se cerchi strumenti che uniscano versatilit\u00e0 e prestazioni di alto livello, <strong>Dremel<\/strong> offre soluzioni che possono trasformare le tue idee in realt\u00e0, supportando la creativit\u00e0 e l&#8217;innovazione personale.<\/p>\n\n\n\n<div style=\"height:100px\" aria-hidden=\"true\" class=\"wp-block-spacer\"><\/div>\n\n\n\n<h3 class=\"wp-block-heading\">Rivenditori DREMEL: utensili speciali per il modellismo<\/h3>\n\n\n\n<div style=\"height:100px\" aria-hidden=\"true\" class=\"wp-block-spacer\"><\/div>\n\n\n\n<p><a href=\"https:\/\/www.ferramentaparide.it\/blog\/ferramenta-paride-treviso-chi-siamo\/\"><strong>Paride S.r.l.<\/strong><\/a>&nbsp;\u00e8 partner e rivenditore autorizzato <strong>utensili Dremel<\/strong> a Treviso da molti anni: <strong>Dremel<\/strong>&nbsp;\u00e8 sinonimo di qualit\u00e0 e affidabilit\u00e0 per il professionista e per il privato esigente.<\/p>\n\n\n\n<div style=\"height:100px\" aria-hidden=\"true\" class=\"wp-block-spacer\"><\/div>\n\n\n\n<p>Tutti gli altri marchi di <strong>Paride<\/strong> sono a&nbsp;<a href=\"https:\/\/www.ferramentaparide.it\/blog\/category\/rivenditore-autorizzato-centro-assistenza-a-treviso\/\"><strong>questo link<\/strong><\/a>.<\/p>\n\n\n\n<div style=\"height:100px\" aria-hidden=\"true\" class=\"wp-block-spacer\"><\/div>\n\n\n\n<h3 class=\"wp-block-heading\">Contattaci per maggiori informazioni<\/h3>\n\n\n\n<div style=\"height:100px\" aria-hidden=\"true\" class=\"wp-block-spacer\"><\/div>\n\n\n\n<p>Necessiti di informazioni per la disponibilit\u00e0 di utensili a batteria e accessori <strong>DREMEL<\/strong>?&nbsp;<\/p>\n\n\n\n<div style=\"height:100px\" aria-hidden=\"true\" class=\"wp-block-spacer\"><\/div>\n\n\n\n<p>Chiedi di parlare con un nostro tecnico specializzato oppure invia la tua richiesta di preventivo alla mail che trovi nella sezione&nbsp;<a href=\"http:\/\/www.ferramentaparide.it\/index.php?route=information\/contact\"><strong>contatti<\/strong><\/a>.<\/p>\n\n\n\n<div style=\"height:100px\" aria-hidden=\"true\" class=\"wp-block-spacer\"><\/div>\n\n\n\n<div class=\"wp-block-buttons is-content-justification-center is-layout-flex wp-container-core-buttons-is-layout-16018d1d wp-block-buttons-is-layout-flex\">\n<div class=\"wp-block-button\"><a class=\"wp-block-button__link has-background has-text-align-center wp-element-button\" style=\"background-color:#0d91d7\">Contattaci per informazioni<\/a><\/div>\n<\/div>\n\n\n\n<div style=\"height:100px\" aria-hidden=\"true\" class=\"wp-block-spacer\"><\/div>\n\n\n\n<p>Vuoi far sapere ai tuoi amici che <strong>Paride S.r.l. | Ferramenta<\/strong> \u00e8 tra i rivenditori <strong>Dremel utensili<\/strong> a Treviso e provincia?<\/p>\n\n\n\n<div style=\"height:100px\" aria-hidden=\"true\" class=\"wp-block-spacer\"><\/div>\n\n\n\n<p>Allora condividi questa pagina nei&nbsp;<a href=\"https:\/\/www.facebook.com\/ferramentaparide?ref=hl\"><strong>social<\/strong><\/a>!<\/p>\n\n\n\n<div style=\"height:100px\" aria-hidden=\"true\" class=\"wp-block-spacer\"><\/div>\n","protected":false},"excerpt":{"rendered":"<p>Paride S.r.l. | Ferramenta a Vascon di Carbonera \u00e8 tra i rivenditori Dremel a Treviso e provincia e online. Distributore ufficiale Dremel utensili a Treviso e online Rivenditori DREMEL in Italia e online \u2013 Distributore ufficiale DREMEL a Treviso e online Paride S.r.l. | Ferramenta , tra i punti vendita e rivenditori Dremel&nbsp;a Treviso e&hellip;<\/p>\n","protected":false},"author":2,"featured_media":9933,"comment_status":"open","ping_status":"open","sticky":false,"template":"","format":"standard","meta":{"footnotes":""},"categories":[17],"tags":[725,268,2196,2198,2195,18,2193,2197,2194,19,52,405],"class_list":["post-9932","post","type-post","status-publish","format-standard","has-post-thumbnail","hentry","category-rivenditore-autorizzato-centro-assistenza-a-treviso","tag-cataloghi","tag-catalogo","tag-dremel-modellistica","tag-dremel-online","tag-dremel-utensili-online","tag-rivenditore","tag-rivenditore-dremel","tag-rivenditore-dremel-a-trevsio","tag-rivenditore-dremel-utensili","tag-rivenditori","tag-treviso","tag-treviso-e-provincia","category-17","description-off"],"yoast_head":"<!-- This site is optimized with the Yoast SEO plugin v27.5 - https:\/\/yoast.com\/product\/yoast-seo-wordpress\/ -->\n<title>[2026] Rivenditori DREMEL utensili a Treviso | Paride S.r.l.<\/title>\n<meta name=\"description\" content=\"Paride S.r.l. a Vascon di Carbonera \u00e8 tra i rivenditori Dremel utensili e accessori | Catalogo multiuso a Treviso provincia e dintorni &gt;\" \/>\n<meta name=\"robots\" content=\"index, follow, max-snippet:-1, max-image-preview:large, max-video-preview:-1\" \/>\n<link rel=\"canonical\" href=\"https:\/\/www.ferramentaparide.it\/blog\/rivenditori-utensili-dremel\/\" \/>\n<meta property=\"og:locale\" content=\"it_IT\" \/>\n<meta property=\"og:type\" content=\"article\" \/>\n<meta property=\"og:title\" content=\"[2026] Rivenditori DREMEL utensili a Treviso | Paride S.r.l.\" \/>\n<meta property=\"og:description\" content=\"Paride S.r.l. a Vascon di Carbonera \u00e8 tra i rivenditori Dremel utensili e accessori | Catalogo multiuso a Treviso provincia e dintorni &gt;\" \/>\n<meta property=\"og:url\" content=\"https:\/\/www.ferramentaparide.it\/blog\/rivenditori-utensili-dremel\/\" \/>\n<meta property=\"og:site_name\" content=\"Ferramenta Paride\" \/>\n<meta property=\"article:published_time\" content=\"2025-02-21T10:17:16+00:00\" \/>\n<meta property=\"article:modified_time\" content=\"2025-12-17T09:46:38+00:00\" \/>\n<meta property=\"og:image\" content=\"https:\/\/www.ferramentaparide.it\/blog\/wp-content\/uploads\/2025\/02\/ferramenta-paride-rivenditori-dremel-utensili-a-treviso.jpg\" \/>\n\t<meta property=\"og:image:width\" content=\"640\" \/>\n\t<meta property=\"og:image:height\" content=\"480\" \/>\n\t<meta property=\"og:image:type\" content=\"image\/jpeg\" \/>\n<meta name=\"author\" content=\"Amministratore\" \/>\n<meta name=\"twitter:card\" content=\"summary_large_image\" \/>\n<meta name=\"twitter:label1\" content=\"Scritto da\" \/>\n\t<meta name=\"twitter:data1\" content=\"Amministratore\" \/>\n\t<meta name=\"twitter:label2\" content=\"Tempo di lettura stimato\" \/>\n\t<meta name=\"twitter:data2\" content=\"4 minuti\" \/>\n<script type=\"application\/ld+json\" class=\"yoast-schema-graph\">{\"@context\":\"https:\\\/\\\/schema.org\",\"@graph\":[{\"@type\":\"Article\",\"@id\":\"https:\\\/\\\/www.ferramentaparide.it\\\/blog\\\/rivenditori-utensili-dremel\\\/#article\",\"isPartOf\":{\"@id\":\"https:\\\/\\\/www.ferramentaparide.it\\\/blog\\\/rivenditori-utensili-dremel\\\/\"},\"author\":{\"name\":\"Amministratore\",\"@id\":\"https:\\\/\\\/www.ferramentaparide.it\\\/blog\\\/#\\\/schema\\\/person\\\/c4b5d43ff223cadd8241221ebf22ba59\"},\"headline\":\"RIVENDITORI DREMEL A TREVISO\",\"datePublished\":\"2025-02-21T10:17:16+00:00\",\"dateModified\":\"2025-12-17T09:46:38+00:00\",\"mainEntityOfPage\":{\"@id\":\"https:\\\/\\\/www.ferramentaparide.it\\\/blog\\\/rivenditori-utensili-dremel\\\/\"},\"wordCount\":590,\"commentCount\":0,\"publisher\":{\"@id\":\"https:\\\/\\\/www.ferramentaparide.it\\\/blog\\\/#organization\"},\"image\":{\"@id\":\"https:\\\/\\\/www.ferramentaparide.it\\\/blog\\\/rivenditori-utensili-dremel\\\/#primaryimage\"},\"thumbnailUrl\":\"https:\\\/\\\/www.ferramentaparide.it\\\/blog\\\/wp-content\\\/uploads\\\/2025\\\/02\\\/ferramenta-paride-rivenditori-dremel-utensili-a-treviso.jpg\",\"keywords\":[\"CATALOGHI\",\"CATALOGO\",\"DREMEL MODELLISTICA\",\"DREMEL ONLINE\",\"DREMEL UTENSILI ONLINE\",\"RIVENDITORE\",\"RIVENDITORE DREMEL\",\"RIVENDITORE DREMEL A TREVSIO\",\"RIVENDITORE DREMEL UTENSILI\",\"RIVENDITORI\",\"TREVISO\",\"TREVISO E PROVINCIA\"],\"articleSection\":[\"RIVENDITORE AUTORIZZATO CENTRO ASSISTENZA A TREVISO\"],\"inLanguage\":\"it-IT\",\"potentialAction\":[{\"@type\":\"CommentAction\",\"name\":\"Comment\",\"target\":[\"https:\\\/\\\/www.ferramentaparide.it\\\/blog\\\/rivenditori-utensili-dremel\\\/#respond\"]}]},{\"@type\":\"WebPage\",\"@id\":\"https:\\\/\\\/www.ferramentaparide.it\\\/blog\\\/rivenditori-utensili-dremel\\\/\",\"url\":\"https:\\\/\\\/www.ferramentaparide.it\\\/blog\\\/rivenditori-utensili-dremel\\\/\",\"name\":\"[2026] Rivenditori DREMEL utensili a Treviso | Paride S.r.l.\",\"isPartOf\":{\"@id\":\"https:\\\/\\\/www.ferramentaparide.it\\\/blog\\\/#website\"},\"primaryImageOfPage\":{\"@id\":\"https:\\\/\\\/www.ferramentaparide.it\\\/blog\\\/rivenditori-utensili-dremel\\\/#primaryimage\"},\"image\":{\"@id\":\"https:\\\/\\\/www.ferramentaparide.it\\\/blog\\\/rivenditori-utensili-dremel\\\/#primaryimage\"},\"thumbnailUrl\":\"https:\\\/\\\/www.ferramentaparide.it\\\/blog\\\/wp-content\\\/uploads\\\/2025\\\/02\\\/ferramenta-paride-rivenditori-dremel-utensili-a-treviso.jpg\",\"datePublished\":\"2025-02-21T10:17:16+00:00\",\"dateModified\":\"2025-12-17T09:46:38+00:00\",\"description\":\"Paride S.r.l. a Vascon di Carbonera \u00e8 tra i rivenditori Dremel utensili e accessori | Catalogo multiuso a Treviso provincia e dintorni >\",\"breadcrumb\":{\"@id\":\"https:\\\/\\\/www.ferramentaparide.it\\\/blog\\\/rivenditori-utensili-dremel\\\/#breadcrumb\"},\"inLanguage\":\"it-IT\",\"potentialAction\":[{\"@type\":\"ReadAction\",\"target\":[\"https:\\\/\\\/www.ferramentaparide.it\\\/blog\\\/rivenditori-utensili-dremel\\\/\"]}]},{\"@type\":\"ImageObject\",\"inLanguage\":\"it-IT\",\"@id\":\"https:\\\/\\\/www.ferramentaparide.it\\\/blog\\\/rivenditori-utensili-dremel\\\/#primaryimage\",\"url\":\"https:\\\/\\\/www.ferramentaparide.it\\\/blog\\\/wp-content\\\/uploads\\\/2025\\\/02\\\/ferramenta-paride-rivenditori-dremel-utensili-a-treviso.jpg\",\"contentUrl\":\"https:\\\/\\\/www.ferramentaparide.it\\\/blog\\\/wp-content\\\/uploads\\\/2025\\\/02\\\/ferramenta-paride-rivenditori-dremel-utensili-a-treviso.jpg\",\"width\":640,\"height\":480,\"caption\":\"ferramenta-paride-rivenditori-dremel-utensili-a-treviso\"},{\"@type\":\"BreadcrumbList\",\"@id\":\"https:\\\/\\\/www.ferramentaparide.it\\\/blog\\\/rivenditori-utensili-dremel\\\/#breadcrumb\",\"itemListElement\":[{\"@type\":\"ListItem\",\"position\":1,\"name\":\"Home\",\"item\":\"https:\\\/\\\/www.ferramentaparide.it\\\/blog\\\/\"},{\"@type\":\"ListItem\",\"position\":2,\"name\":\"RIVENDITORI DREMEL A TREVISO\"}]},{\"@type\":\"WebSite\",\"@id\":\"https:\\\/\\\/www.ferramentaparide.it\\\/blog\\\/#website\",\"url\":\"https:\\\/\\\/www.ferramentaparide.it\\\/blog\\\/\",\"name\":\"Ferramenta Paride\",\"description\":\"Il Servizio per il Professionista\",\"publisher\":{\"@id\":\"https:\\\/\\\/www.ferramentaparide.it\\\/blog\\\/#organization\"},\"potentialAction\":[{\"@type\":\"SearchAction\",\"target\":{\"@type\":\"EntryPoint\",\"urlTemplate\":\"https:\\\/\\\/www.ferramentaparide.it\\\/blog\\\/?s={search_term_string}\"},\"query-input\":{\"@type\":\"PropertyValueSpecification\",\"valueRequired\":true,\"valueName\":\"search_term_string\"}}],\"inLanguage\":\"it-IT\"},{\"@type\":\"Organization\",\"@id\":\"https:\\\/\\\/www.ferramentaparide.it\\\/blog\\\/#organization\",\"name\":\"Ferramenta Paride\",\"url\":\"https:\\\/\\\/www.ferramentaparide.it\\\/blog\\\/\",\"logo\":{\"@type\":\"ImageObject\",\"inLanguage\":\"it-IT\",\"@id\":\"https:\\\/\\\/www.ferramentaparide.it\\\/blog\\\/#\\\/schema\\\/logo\\\/image\\\/\",\"url\":\"https:\\\/\\\/www.ferramentaparide.it\\\/blog\\\/wp-content\\\/uploads\\\/2023\\\/11\\\/Logo_Ferramenta_Paride_20180225.webp\",\"contentUrl\":\"https:\\\/\\\/www.ferramentaparide.it\\\/blog\\\/wp-content\\\/uploads\\\/2023\\\/11\\\/Logo_Ferramenta_Paride_20180225.webp\",\"width\":167,\"height\":25,\"caption\":\"Ferramenta Paride\"},\"image\":{\"@id\":\"https:\\\/\\\/www.ferramentaparide.it\\\/blog\\\/#\\\/schema\\\/logo\\\/image\\\/\"}},{\"@type\":\"Person\",\"@id\":\"https:\\\/\\\/www.ferramentaparide.it\\\/blog\\\/#\\\/schema\\\/person\\\/c4b5d43ff223cadd8241221ebf22ba59\",\"name\":\"Amministratore\",\"image\":{\"@type\":\"ImageObject\",\"inLanguage\":\"it-IT\",\"@id\":\"https:\\\/\\\/secure.gravatar.com\\\/avatar\\\/65250d644d0b69af20450314cf24e17fd4d93e49e6bcee3a036c2cef1b1c6439?s=96&d=mm&r=g\",\"url\":\"https:\\\/\\\/secure.gravatar.com\\\/avatar\\\/65250d644d0b69af20450314cf24e17fd4d93e49e6bcee3a036c2cef1b1c6439?s=96&d=mm&r=g\",\"contentUrl\":\"https:\\\/\\\/secure.gravatar.com\\\/avatar\\\/65250d644d0b69af20450314cf24e17fd4d93e49e6bcee3a036c2cef1b1c6439?s=96&d=mm&r=g\",\"caption\":\"Amministratore\"},\"url\":\"https:\\\/\\\/www.ferramentaparide.it\\\/blog\\\/author\\\/ferramenta_admin_001\\\/\"}]}<\/script>\n<!-- \/ Yoast SEO plugin. -->","yoast_head_json":{"title":"[2026] Rivenditori DREMEL utensili a Treviso | Paride S.r.l.","description":"Paride S.r.l. a Vascon di Carbonera \u00e8 tra i rivenditori Dremel utensili e accessori | Catalogo multiuso a Treviso provincia e dintorni >","robots":{"index":"index","follow":"follow","max-snippet":"max-snippet:-1","max-image-preview":"max-image-preview:large","max-video-preview":"max-video-preview:-1"},"canonical":"https:\/\/www.ferramentaparide.it\/blog\/rivenditori-utensili-dremel\/","og_locale":"it_IT","og_type":"article","og_title":"[2026] Rivenditori DREMEL utensili a Treviso | Paride S.r.l.","og_description":"Paride S.r.l. a Vascon di Carbonera \u00e8 tra i rivenditori Dremel utensili e accessori | Catalogo multiuso a Treviso provincia e dintorni >","og_url":"https:\/\/www.ferramentaparide.it\/blog\/rivenditori-utensili-dremel\/","og_site_name":"Ferramenta Paride","article_published_time":"2025-02-21T10:17:16+00:00","article_modified_time":"2025-12-17T09:46:38+00:00","og_image":[{"width":640,"height":480,"url":"https:\/\/www.ferramentaparide.it\/blog\/wp-content\/uploads\/2025\/02\/ferramenta-paride-rivenditori-dremel-utensili-a-treviso.jpg","type":"image\/jpeg"}],"author":"Amministratore","twitter_card":"summary_large_image","twitter_misc":{"Scritto da":"Amministratore","Tempo di lettura stimato":"4 minuti"},"schema":{"@context":"https:\/\/schema.org","@graph":[{"@type":"Article","@id":"https:\/\/www.ferramentaparide.it\/blog\/rivenditori-utensili-dremel\/#article","isPartOf":{"@id":"https:\/\/www.ferramentaparide.it\/blog\/rivenditori-utensili-dremel\/"},"author":{"name":"Amministratore","@id":"https:\/\/www.ferramentaparide.it\/blog\/#\/schema\/person\/c4b5d43ff223cadd8241221ebf22ba59"},"headline":"RIVENDITORI DREMEL A TREVISO","datePublished":"2025-02-21T10:17:16+00:00","dateModified":"2025-12-17T09:46:38+00:00","mainEntityOfPage":{"@id":"https:\/\/www.ferramentaparide.it\/blog\/rivenditori-utensili-dremel\/"},"wordCount":590,"commentCount":0,"publisher":{"@id":"https:\/\/www.ferramentaparide.it\/blog\/#organization"},"image":{"@id":"https:\/\/www.ferramentaparide.it\/blog\/rivenditori-utensili-dremel\/#primaryimage"},"thumbnailUrl":"https:\/\/www.ferramentaparide.it\/blog\/wp-content\/uploads\/2025\/02\/ferramenta-paride-rivenditori-dremel-utensili-a-treviso.jpg","keywords":["CATALOGHI","CATALOGO","DREMEL MODELLISTICA","DREMEL ONLINE","DREMEL UTENSILI ONLINE","RIVENDITORE","RIVENDITORE DREMEL","RIVENDITORE DREMEL A TREVSIO","RIVENDITORE DREMEL UTENSILI","RIVENDITORI","TREVISO","TREVISO E PROVINCIA"],"articleSection":["RIVENDITORE AUTORIZZATO CENTRO ASSISTENZA A TREVISO"],"inLanguage":"it-IT","potentialAction":[{"@type":"CommentAction","name":"Comment","target":["https:\/\/www.ferramentaparide.it\/blog\/rivenditori-utensili-dremel\/#respond"]}]},{"@type":"WebPage","@id":"https:\/\/www.ferramentaparide.it\/blog\/rivenditori-utensili-dremel\/","url":"https:\/\/www.ferramentaparide.it\/blog\/rivenditori-utensili-dremel\/","name":"[2026] Rivenditori DREMEL utensili a Treviso | Paride S.r.l.","isPartOf":{"@id":"https:\/\/www.ferramentaparide.it\/blog\/#website"},"primaryImageOfPage":{"@id":"https:\/\/www.ferramentaparide.it\/blog\/rivenditori-utensili-dremel\/#primaryimage"},"image":{"@id":"https:\/\/www.ferramentaparide.it\/blog\/rivenditori-utensili-dremel\/#primaryimage"},"thumbnailUrl":"https:\/\/www.ferramentaparide.it\/blog\/wp-content\/uploads\/2025\/02\/ferramenta-paride-rivenditori-dremel-utensili-a-treviso.jpg","datePublished":"2025-02-21T10:17:16+00:00","dateModified":"2025-12-17T09:46:38+00:00","description":"Paride S.r.l. a Vascon di Carbonera \u00e8 tra i rivenditori Dremel utensili e accessori | Catalogo multiuso a Treviso provincia e dintorni >","breadcrumb":{"@id":"https:\/\/www.ferramentaparide.it\/blog\/rivenditori-utensili-dremel\/#breadcrumb"},"inLanguage":"it-IT","potentialAction":[{"@type":"ReadAction","target":["https:\/\/www.ferramentaparide.it\/blog\/rivenditori-utensili-dremel\/"]}]},{"@type":"ImageObject","inLanguage":"it-IT","@id":"https:\/\/www.ferramentaparide.it\/blog\/rivenditori-utensili-dremel\/#primaryimage","url":"https:\/\/www.ferramentaparide.it\/blog\/wp-content\/uploads\/2025\/02\/ferramenta-paride-rivenditori-dremel-utensili-a-treviso.jpg","contentUrl":"https:\/\/www.ferramentaparide.it\/blog\/wp-content\/uploads\/2025\/02\/ferramenta-paride-rivenditori-dremel-utensili-a-treviso.jpg","width":640,"height":480,"caption":"ferramenta-paride-rivenditori-dremel-utensili-a-treviso"},{"@type":"BreadcrumbList","@id":"https:\/\/www.ferramentaparide.it\/blog\/rivenditori-utensili-dremel\/#breadcrumb","itemListElement":[{"@type":"ListItem","position":1,"name":"Home","item":"https:\/\/www.ferramentaparide.it\/blog\/"},{"@type":"ListItem","position":2,"name":"RIVENDITORI DREMEL A TREVISO"}]},{"@type":"WebSite","@id":"https:\/\/www.ferramentaparide.it\/blog\/#website","url":"https:\/\/www.ferramentaparide.it\/blog\/","name":"Ferramenta Paride","description":"Il Servizio per il Professionista","publisher":{"@id":"https:\/\/www.ferramentaparide.it\/blog\/#organization"},"potentialAction":[{"@type":"SearchAction","target":{"@type":"EntryPoint","urlTemplate":"https:\/\/www.ferramentaparide.it\/blog\/?s={search_term_string}"},"query-input":{"@type":"PropertyValueSpecification","valueRequired":true,"valueName":"search_term_string"}}],"inLanguage":"it-IT"},{"@type":"Organization","@id":"https:\/\/www.ferramentaparide.it\/blog\/#organization","name":"Ferramenta Paride","url":"https:\/\/www.ferramentaparide.it\/blog\/","logo":{"@type":"ImageObject","inLanguage":"it-IT","@id":"https:\/\/www.ferramentaparide.it\/blog\/#\/schema\/logo\/image\/","url":"https:\/\/www.ferramentaparide.it\/blog\/wp-content\/uploads\/2023\/11\/Logo_Ferramenta_Paride_20180225.webp","contentUrl":"https:\/\/www.ferramentaparide.it\/blog\/wp-content\/uploads\/2023\/11\/Logo_Ferramenta_Paride_20180225.webp","width":167,"height":25,"caption":"Ferramenta Paride"},"image":{"@id":"https:\/\/www.ferramentaparide.it\/blog\/#\/schema\/logo\/image\/"}},{"@type":"Person","@id":"https:\/\/www.ferramentaparide.it\/blog\/#\/schema\/person\/c4b5d43ff223cadd8241221ebf22ba59","name":"Amministratore","image":{"@type":"ImageObject","inLanguage":"it-IT","@id":"https:\/\/secure.gravatar.com\/avatar\/65250d644d0b69af20450314cf24e17fd4d93e49e6bcee3a036c2cef1b1c6439?s=96&d=mm&r=g","url":"https:\/\/secure.gravatar.com\/avatar\/65250d644d0b69af20450314cf24e17fd4d93e49e6bcee3a036c2cef1b1c6439?s=96&d=mm&r=g","contentUrl":"https:\/\/secure.gravatar.com\/avatar\/65250d644d0b69af20450314cf24e17fd4d93e49e6bcee3a036c2cef1b1c6439?s=96&d=mm&r=g","caption":"Amministratore"},"url":"https:\/\/www.ferramentaparide.it\/blog\/author\/ferramenta_admin_001\/"}]}},"_links":{"self":[{"href":"https:\/\/www.ferramentaparide.it\/blog\/wp-json\/wp\/v2\/posts\/9932","targetHints":{"allow":["GET"]}}],"collection":[{"href":"https:\/\/www.ferramentaparide.it\/blog\/wp-json\/wp\/v2\/posts"}],"about":[{"href":"https:\/\/www.ferramentaparide.it\/blog\/wp-json\/wp\/v2\/types\/post"}],"author":[{"embeddable":true,"href":"https:\/\/www.ferramentaparide.it\/blog\/wp-json\/wp\/v2\/users\/2"}],"replies":[{"embeddable":true,"href":"https:\/\/www.ferramentaparide.it\/blog\/wp-json\/wp\/v2\/comments?post=9932"}],"version-history":[{"count":2,"href":"https:\/\/www.ferramentaparide.it\/blog\/wp-json\/wp\/v2\/posts\/9932\/revisions"}],"predecessor-version":[{"id":9944,"href":"https:\/\/www.ferramentaparide.it\/blog\/wp-json\/wp\/v2\/posts\/9932\/revisions\/9944"}],"wp:featuredmedia":[{"embeddable":true,"href":"https:\/\/www.ferramentaparide.it\/blog\/wp-json\/wp\/v2\/media\/9933"}],"wp:attachment":[{"href":"https:\/\/www.ferramentaparide.it\/blog\/wp-json\/wp\/v2\/media?parent=9932"}],"wp:term":[{"taxonomy":"category","embeddable":true,"href":"https:\/\/www.ferramentaparide.it\/blog\/wp-json\/wp\/v2\/categories?post=9932"},{"taxonomy":"post_tag","embeddable":true,"href":"https:\/\/www.ferramentaparide.it\/blog\/wp-json\/wp\/v2\/tags?post=9932"}],"curies":[{"name":"wp","href":"https:\/\/api.w.org\/{rel}","templated":true}]}}