{"id":9723,"date":"2025-02-14T14:54:55","date_gmt":"2025-02-14T13:54:55","guid":{"rendered":"https:\/\/www.ferramentaparide.it\/blog\/?p=9723"},"modified":"2025-12-17T10:10:14","modified_gmt":"2025-12-17T09:10:14","slug":"rivenditori-omal-utensili","status":"publish","type":"post","link":"https:\/\/www.ferramentaparide.it\/blog\/rivenditori-omal-utensili\/","title":{"rendered":"RIVENDITORI OMAL UTENSILI"},"content":{"rendered":"\n<h2 class=\"wp-block-heading has-text-align-center\">Paride S.r.l. | Ferramenta a Treviso \u00e8 tra i rivenditori OMAL utensili da taglio.<\/h2>\n\n\n\n<div style=\"height:100px\" aria-hidden=\"true\" class=\"wp-block-spacer\"><\/div>\n\n\n\n<h2 class=\"wp-block-heading has-text-align-center\">Distributore ufficiale OMAL UTENSILI in Italia e online<\/h2>\n\n\n\n<div style=\"height:100px\" aria-hidden=\"true\" class=\"wp-block-spacer\"><\/div>\n\n\n\n<h3 class=\"wp-block-heading has-text-align-center\">Rivenditori Omal utensili in Italia e online \u2013 Distributore ufficiale OMAL a Treviso e online<\/h3>\n\n\n\n<div style=\"height:100px\" aria-hidden=\"true\" class=\"wp-block-spacer\"><\/div>\n\n\n\n<p><strong>Paride S.r.l.<\/strong> <strong>| Ferramenta<\/strong>, tra i punti vendita e rivenditori&nbsp;<strong>Omal utensili <\/strong>a Treviso e provincia, presenta un vasto assortimento ed esposizione di utensili per il taglio e foratura dei metalli, quali punte, frese e svasatori <strong><a href=\"https:\/\/www.ferramentaparide.it\/rivenditore-omal-a-treviso\">Omal<\/a><\/strong>.<\/p>\n\n\n\n<div style=\"height:50px\" aria-hidden=\"true\" class=\"wp-block-spacer\"><\/div>\n\n\n<div class=\"wp-block-image\">\n<figure class=\"aligncenter size-full\"><a href=\"https:\/\/www.omalutensili.it\/\"><img fetchpriority=\"high\" decoding=\"async\" width=\"300\" height=\"300\" src=\"https:\/\/www.ferramentaparide.it\/blog\/wp-content\/uploads\/2025\/02\/rivenditore-distributore-ufficiale-omal-utensili-a-treviso-e-online.jpg\" alt=\"rivenditore-distributore-ufficiale-omal-utensili-a-treviso-e-online\" class=\"wp-image-9725\" srcset=\"https:\/\/www.ferramentaparide.it\/blog\/wp-content\/uploads\/2025\/02\/rivenditore-distributore-ufficiale-omal-utensili-a-treviso-e-online.jpg 300w, https:\/\/www.ferramentaparide.it\/blog\/wp-content\/uploads\/2025\/02\/rivenditore-distributore-ufficiale-omal-utensili-a-treviso-e-online-150x150.jpg 150w\" sizes=\"(max-width: 300px) 100vw, 300px\" \/><\/a><\/figure>\n<\/div>\n\n\n<div style=\"height:50px\" aria-hidden=\"true\" class=\"wp-block-spacer\"><\/div>\n\n\n\n<p>Molti articoli sono disponibili in pronta consegna e tutti i prodotti del catalogo <strong>Omal<\/strong> possono essere ordinati e&nbsp;<a href=\"http:\/\/www.ferramentaparide.it\/treviso-costi-e-spedizioni\"><strong>consegnati<\/strong><\/a>&nbsp;in breve tempo.<\/p>\n\n\n\n<div style=\"height:100px\" aria-hidden=\"true\" class=\"wp-block-spacer\"><\/div>\n\n\n\n<p>Se vuoi saperne di pi\u00f9 sui prodotti&nbsp;<strong>Omal<\/strong>, nell\u2019<a href=\"https:\/\/www.ferramentaparide.it\/rivenditore-omal-a-treviso\"><strong>e-Commerce<\/strong><\/a> di Paride S.r.l. puoi trovarne alcuni.<\/p>\n\n\n\n<div style=\"height:100px\" aria-hidden=\"true\" class=\"wp-block-spacer\"><\/div>\n\n\n\n<p>Altrimenti&nbsp;<a href=\"http:\/\/www.ferramentaparide.it\/index.php?route=information\/contact\"><strong>vieni a trovarci<\/strong><\/a>&nbsp;presso il punto vendita per curiosare nel reparto espositivo&nbsp;di<strong> utensili da taglio, foratura e filettatura <\/strong>dei metalli<strong>.<\/strong><\/p>\n\n\n\n<div style=\"height:100px\" aria-hidden=\"true\" class=\"wp-block-spacer\"><\/div>\n\n\n<div class=\"wp-block-image\">\n<figure class=\"aligncenter\"><a href=\"https:\/\/www.ferramentaparide.it\/index.php?route=product\/search&amp;search=omal\"><img decoding=\"async\" width=\"820\" height=\"315\" src=\"https:\/\/www.ferramentaparide.it\/blog\/wp-content\/uploads\/2020\/08\/immagine-copertina-fb.jpg\" alt=\"immagine-copertina-fb\" class=\"wp-image-2337\"\/><\/a><\/figure>\n<\/div>\n\n\n<div style=\"height:100px\" aria-hidden=\"true\" class=\"wp-block-spacer\"><\/div>\n\n\n\n<h3 class=\"wp-block-heading\">L\u2019azienda in pillole<\/h3>\n\n\n\n<div style=\"height:100px\" aria-hidden=\"true\" class=\"wp-block-spacer\"><\/div>\n\n\n\n<p><strong>O.M.A.L. snc<\/strong>, conosciuta anche come <strong>Omal Utensili<\/strong>, \u00e8 un&#8217;azienda italiana fondata nel 1941 e con sede a Luzzara, Reggio Emilia. <\/p>\n\n\n\n<div style=\"height:100px\" aria-hidden=\"true\" class=\"wp-block-spacer\"><\/div>\n\n\n\n<p>Specializzata nella produzione di utensili da taglio per l&#8217;industria e l&#8217;artigianato, <strong>Omal Utensili<\/strong> \u00e8 riconosciuta per la sua qualit\u00e0 e tecnologia avanzata.<\/p>\n\n\n\n<div style=\"height:100px\" aria-hidden=\"true\" class=\"wp-block-spacer\"><\/div>\n\n\n\n<p><strong>Omal Utensili <\/strong>offre una vasta gamma di prodotti, tra cui frese, punte, svasatori, alesatori e lime rotative. <\/p>\n\n\n\n<div style=\"height:100px\" aria-hidden=\"true\" class=\"wp-block-spacer\"><\/div>\n\n\n<div class=\"wp-block-image\">\n<figure class=\"aligncenter size-full\"><a href=\"https:\/\/www.ferramentaparide.it\/rivenditore-omal-a-treviso\"><img decoding=\"async\" width=\"300\" height=\"300\" src=\"https:\/\/www.ferramentaparide.it\/blog\/wp-content\/uploads\/2025\/02\/rivenditore-distributore-ufficiale-omal-utensili-da-taglio-a-treviso-e-online.jpg\" alt=\"rivenditore-distributore-ufficiale-omal-utensili-da-taglio-a-treviso-e-online\" class=\"wp-image-9726\" srcset=\"https:\/\/www.ferramentaparide.it\/blog\/wp-content\/uploads\/2025\/02\/rivenditore-distributore-ufficiale-omal-utensili-da-taglio-a-treviso-e-online.jpg 300w, https:\/\/www.ferramentaparide.it\/blog\/wp-content\/uploads\/2025\/02\/rivenditore-distributore-ufficiale-omal-utensili-da-taglio-a-treviso-e-online-150x150.jpg 150w\" sizes=\"(max-width: 300px) 100vw, 300px\" \/><\/a><\/figure>\n<\/div>\n\n\n<div style=\"height:100px\" aria-hidden=\"true\" class=\"wp-block-spacer\"><\/div>\n\n\n\n<p>I prodotti <strong>Omal<\/strong> sono progettati per garantire affidabilit\u00e0, durata nel tempo e prestazioni ottimali in diverse condizioni di lavoro. <\/p>\n\n\n\n<div style=\"height:100px\" aria-hidden=\"true\" class=\"wp-block-spacer\"><\/div>\n\n\n\n<p>L&#8217;azienda si concentra sulla facilit\u00e0 d&#8217;uso, sull&#8217;efficacia e sull&#8217;ottimizzazione del lavoro quotidiano, fornendo soluzioni pratiche e innovative per i professionisti e i fai-da-te.<\/p>\n\n\n\n<div style=\"height:100px\" aria-hidden=\"true\" class=\"wp-block-spacer\"><\/div>\n\n\n\n<p><strong>Omal Utensili <\/strong>opera in un impianto di produzione all&#8217;avanguardia, dotato di macchine CNC a 5 assi per l&#8217;affilatura, tornitrici a 2 assi CNC, strumenti di controllo ottici e marcatrici laser. <\/p>\n\n\n\n<div style=\"height:100px\" aria-hidden=\"true\" class=\"wp-block-spacer\"><\/div>\n\n\n\n<p>Queste tecnologie avanzate consentono all&#8217;azienda di mantenere un elevato rapporto qualit\u00e0-prezzo e di rispondere rapidamente alle esigenze del mercato<\/p>\n\n\n\n<div style=\"height:100px\" aria-hidden=\"true\" class=\"wp-block-spacer\"><\/div>\n\n\n\n<h3 class=\"wp-block-heading\">Rivenditori OMAL: utensili da taglio per il professionista del metalli<\/h3>\n\n\n\n<div style=\"height:100px\" aria-hidden=\"true\" class=\"wp-block-spacer\"><\/div>\n\n\n\n<p><a href=\"https:\/\/www.ferramentaparide.it\/blog\/ferramenta-paride-treviso-chi-siamo\/\"><strong>Paride S.r.l.<\/strong><\/a>&nbsp;\u00e8 partner e rivenditore autorizzato&nbsp;<strong>Omal Utensili <\/strong>in Italia da molti anni:&nbsp;<strong>Omal&nbsp;<\/strong>\u00e8 sinonimo di qualit\u00e0 e affidabilit\u00e0 per il professionista del lavoro.<\/p>\n\n\n\n<div style=\"height:100px\" aria-hidden=\"true\" class=\"wp-block-spacer\"><\/div>\n\n\n\n<p>Tutti gli altri marchi di <strong>Paride<\/strong> sono a&nbsp;<a href=\"https:\/\/www.ferramentaparide.it\/blog\/category\/rivenditore-autorizzato-centro-assistenza-a-treviso\/\"><strong>questo link<\/strong><\/a>.<\/p>\n\n\n\n<div style=\"height:100px\" aria-hidden=\"true\" class=\"wp-block-spacer\"><\/div>\n\n\n\n<h3 class=\"wp-block-heading\">Contattaci per informazioni<\/h3>\n\n\n\n<div style=\"height:100px\" aria-hidden=\"true\" class=\"wp-block-spacer\"><\/div>\n\n\n\n<p>Necessiti di informazioni per la disponibilit\u00e0 di utensili da taglio, quali frese, svasatori e alesatori per metallo <strong>Omal<\/strong>?<\/p>\n\n\n\n<div style=\"height:100px\" aria-hidden=\"true\" class=\"wp-block-spacer\"><\/div>\n\n\n\n<p>Chiedi di parlare con un nostro tecnico specializzato oppure invia la tua richiesta di preventivo alla mail che trovi nella sezione&nbsp;<a href=\"http:\/\/www.ferramentaparide.it\/index.php?route=information\/contact\"><strong>contatti<\/strong><\/a>.<\/p>\n\n\n\n<div style=\"height:100px\" aria-hidden=\"true\" class=\"wp-block-spacer\"><\/div>\n\n\n\n<div class=\"wp-block-buttons is-content-justification-center is-layout-flex wp-container-core-buttons-is-layout-16018d1d wp-block-buttons-is-layout-flex\">\n<div class=\"wp-block-button\"><a class=\"wp-block-button__link has-background has-text-align-center wp-element-button\" href=\"https:\/\/www.ferramentaparide.it\/index.php?route=information\/contact\" style=\"background-color:#0d91d7\">Contattaci per informazioni<\/a><\/div>\n<\/div>\n\n\n\n<div style=\"height:100px\" aria-hidden=\"true\" class=\"wp-block-spacer\"><\/div>\n\n\n\n<p>Vuoi far sapere ai tuoi amici che <strong><strong>Paride S.r.l. | Ferramenta<\/strong><\/strong> \u00e8 tra i rivenditori&nbsp;<strong>OMAL<\/strong> a Treviso e provincia e online?<\/p>\n\n\n\n<div style=\"height:100px\" aria-hidden=\"true\" class=\"wp-block-spacer\"><\/div>\n\n\n\n<p>Allora condividi questa pagina nei&nbsp;<a href=\"https:\/\/www.facebook.com\/ferramentaparide?ref=hl\"><strong>social<\/strong><\/a>!<\/p>\n\n\n\n<div style=\"height:100px\" aria-hidden=\"true\" class=\"wp-block-spacer\"><\/div>\n","protected":false},"excerpt":{"rendered":"<p>Paride S.r.l. | Ferramenta a Treviso \u00e8 tra i rivenditori OMAL utensili da taglio. Distributore ufficiale OMAL UTENSILI in Italia e online Rivenditori Omal utensili in Italia e online \u2013 Distributore ufficiale OMAL a Treviso e online Paride S.r.l. | Ferramenta, tra i punti vendita e rivenditori&nbsp;Omal utensili a Treviso e provincia, presenta un vasto&hellip;<\/p>\n","protected":false},"author":2,"featured_media":9724,"comment_status":"open","ping_status":"open","sticky":false,"template":"","format":"standard","meta":{"footnotes":""},"categories":[17],"tags":[725,268,1969,1971,1972,1970,1968,18,1967,19,1974,1973,1966,1975,52,405],"class_list":["post-9723","post","type-post","status-publish","format-standard","has-post-thumbnail","hentry","category-rivenditore-autorizzato-centro-assistenza-a-treviso","tag-cataloghi","tag-catalogo","tag-frese-per-metallo-omal","tag-omal-alesatori","tag-omal-alesatori-conici","tag-omal-svasatori","tag-omal-utensili-online","tag-rivenditore","tag-rivenditore-omal-utensili","tag-rivenditori","tag-rivenditori-omal-a-treviso","tag-rivenditori-omal-online","tag-rivenditori-omal-utensili","tag-rivenditori-omal-utensili-a-treviso","tag-treviso","tag-treviso-e-provincia","category-17","description-off"],"yoast_head":"<!-- This site is optimized with the Yoast SEO plugin v27.5 - https:\/\/yoast.com\/product\/yoast-seo-wordpress\/ -->\n<title>[2026] Rivenditori OMAL utensili da taglio per metalli | Paride S.r.l.<\/title>\n<meta name=\"description\" content=\"Rivenditore OMAL utensili in Italia e online. Distributore ufficiale autorizzato frese, punte per taglio metalli | Vedi il catalogo OMAL &gt;\" \/>\n<meta name=\"robots\" content=\"index, follow, max-snippet:-1, max-image-preview:large, max-video-preview:-1\" \/>\n<link rel=\"canonical\" href=\"https:\/\/www.ferramentaparide.it\/blog\/rivenditori-omal-utensili\/\" \/>\n<meta property=\"og:locale\" content=\"it_IT\" \/>\n<meta property=\"og:type\" content=\"article\" \/>\n<meta property=\"og:title\" content=\"[2026] Rivenditori OMAL utensili da taglio per metalli | Paride S.r.l.\" \/>\n<meta property=\"og:description\" content=\"Rivenditore OMAL utensili in Italia e online. Distributore ufficiale autorizzato frese, punte per taglio metalli | Vedi il catalogo OMAL &gt;\" \/>\n<meta property=\"og:url\" content=\"https:\/\/www.ferramentaparide.it\/blog\/rivenditori-omal-utensili\/\" \/>\n<meta property=\"og:site_name\" content=\"Ferramenta Paride\" \/>\n<meta property=\"article:published_time\" content=\"2025-02-14T13:54:55+00:00\" \/>\n<meta property=\"article:modified_time\" content=\"2025-12-17T09:10:14+00:00\" \/>\n<meta property=\"og:image\" content=\"https:\/\/www.ferramentaparide.it\/blog\/wp-content\/uploads\/2025\/02\/ferramenta-paride-rivenditori-omal-utensili-da-taglio-a-treviso.jpg\" \/>\n\t<meta property=\"og:image:width\" content=\"640\" \/>\n\t<meta property=\"og:image:height\" content=\"480\" \/>\n\t<meta property=\"og:image:type\" content=\"image\/jpeg\" \/>\n<meta name=\"author\" content=\"Amministratore\" \/>\n<meta name=\"twitter:card\" content=\"summary_large_image\" \/>\n<meta name=\"twitter:label1\" content=\"Scritto da\" \/>\n\t<meta name=\"twitter:data1\" content=\"Amministratore\" \/>\n\t<meta name=\"twitter:label2\" content=\"Tempo di lettura stimato\" \/>\n\t<meta name=\"twitter:data2\" content=\"3 minuti\" \/>\n<script type=\"application\/ld+json\" class=\"yoast-schema-graph\">{\"@context\":\"https:\\\/\\\/schema.org\",\"@graph\":[{\"@type\":\"Article\",\"@id\":\"https:\\\/\\\/www.ferramentaparide.it\\\/blog\\\/rivenditori-omal-utensili\\\/#article\",\"isPartOf\":{\"@id\":\"https:\\\/\\\/www.ferramentaparide.it\\\/blog\\\/rivenditori-omal-utensili\\\/\"},\"author\":{\"name\":\"Amministratore\",\"@id\":\"https:\\\/\\\/www.ferramentaparide.it\\\/blog\\\/#\\\/schema\\\/person\\\/c4b5d43ff223cadd8241221ebf22ba59\"},\"headline\":\"RIVENDITORI OMAL UTENSILI\",\"datePublished\":\"2025-02-14T13:54:55+00:00\",\"dateModified\":\"2025-12-17T09:10:14+00:00\",\"mainEntityOfPage\":{\"@id\":\"https:\\\/\\\/www.ferramentaparide.it\\\/blog\\\/rivenditori-omal-utensili\\\/\"},\"wordCount\":437,\"commentCount\":0,\"publisher\":{\"@id\":\"https:\\\/\\\/www.ferramentaparide.it\\\/blog\\\/#organization\"},\"image\":{\"@id\":\"https:\\\/\\\/www.ferramentaparide.it\\\/blog\\\/rivenditori-omal-utensili\\\/#primaryimage\"},\"thumbnailUrl\":\"https:\\\/\\\/www.ferramentaparide.it\\\/blog\\\/wp-content\\\/uploads\\\/2025\\\/02\\\/ferramenta-paride-rivenditori-omal-utensili-da-taglio-a-treviso.jpg\",\"keywords\":[\"CATALOGHI\",\"CATALOGO\",\"FRESE PER METALLO OMAL\",\"OMAL ALESATORI\",\"OMAL ALESATORI CONICI\",\"OMAL SVASATORI\",\"OMAL UTENSILI ONLINE\",\"RIVENDITORE\",\"RIVENDITORE OMAL UTENSILI\",\"RIVENDITORI\",\"RIVENDITORI OMAL A TREVISO\",\"RIVENDITORI OMAL ONLINE\",\"RIVENDITORI OMAL UTENSILI\",\"RIVENDITORI OMAL UTENSILI A TREVISO\",\"TREVISO\",\"TREVISO E PROVINCIA\"],\"articleSection\":[\"RIVENDITORE AUTORIZZATO CENTRO ASSISTENZA A TREVISO\"],\"inLanguage\":\"it-IT\",\"potentialAction\":[{\"@type\":\"CommentAction\",\"name\":\"Comment\",\"target\":[\"https:\\\/\\\/www.ferramentaparide.it\\\/blog\\\/rivenditori-omal-utensili\\\/#respond\"]}]},{\"@type\":\"WebPage\",\"@id\":\"https:\\\/\\\/www.ferramentaparide.it\\\/blog\\\/rivenditori-omal-utensili\\\/\",\"url\":\"https:\\\/\\\/www.ferramentaparide.it\\\/blog\\\/rivenditori-omal-utensili\\\/\",\"name\":\"[2026] Rivenditori OMAL utensili da taglio per metalli | Paride S.r.l.\",\"isPartOf\":{\"@id\":\"https:\\\/\\\/www.ferramentaparide.it\\\/blog\\\/#website\"},\"primaryImageOfPage\":{\"@id\":\"https:\\\/\\\/www.ferramentaparide.it\\\/blog\\\/rivenditori-omal-utensili\\\/#primaryimage\"},\"image\":{\"@id\":\"https:\\\/\\\/www.ferramentaparide.it\\\/blog\\\/rivenditori-omal-utensili\\\/#primaryimage\"},\"thumbnailUrl\":\"https:\\\/\\\/www.ferramentaparide.it\\\/blog\\\/wp-content\\\/uploads\\\/2025\\\/02\\\/ferramenta-paride-rivenditori-omal-utensili-da-taglio-a-treviso.jpg\",\"datePublished\":\"2025-02-14T13:54:55+00:00\",\"dateModified\":\"2025-12-17T09:10:14+00:00\",\"description\":\"Rivenditore OMAL utensili in Italia e online. Distributore ufficiale autorizzato frese, punte per taglio metalli | Vedi il catalogo OMAL >\",\"breadcrumb\":{\"@id\":\"https:\\\/\\\/www.ferramentaparide.it\\\/blog\\\/rivenditori-omal-utensili\\\/#breadcrumb\"},\"inLanguage\":\"it-IT\",\"potentialAction\":[{\"@type\":\"ReadAction\",\"target\":[\"https:\\\/\\\/www.ferramentaparide.it\\\/blog\\\/rivenditori-omal-utensili\\\/\"]}]},{\"@type\":\"ImageObject\",\"inLanguage\":\"it-IT\",\"@id\":\"https:\\\/\\\/www.ferramentaparide.it\\\/blog\\\/rivenditori-omal-utensili\\\/#primaryimage\",\"url\":\"https:\\\/\\\/www.ferramentaparide.it\\\/blog\\\/wp-content\\\/uploads\\\/2025\\\/02\\\/ferramenta-paride-rivenditori-omal-utensili-da-taglio-a-treviso.jpg\",\"contentUrl\":\"https:\\\/\\\/www.ferramentaparide.it\\\/blog\\\/wp-content\\\/uploads\\\/2025\\\/02\\\/ferramenta-paride-rivenditori-omal-utensili-da-taglio-a-treviso.jpg\",\"width\":640,\"height\":480,\"caption\":\"ferramenta-paride-rivenditori-omal-utensili-da-taglio-a-treviso\"},{\"@type\":\"BreadcrumbList\",\"@id\":\"https:\\\/\\\/www.ferramentaparide.it\\\/blog\\\/rivenditori-omal-utensili\\\/#breadcrumb\",\"itemListElement\":[{\"@type\":\"ListItem\",\"position\":1,\"name\":\"Home\",\"item\":\"https:\\\/\\\/www.ferramentaparide.it\\\/blog\\\/\"},{\"@type\":\"ListItem\",\"position\":2,\"name\":\"RIVENDITORI OMAL UTENSILI\"}]},{\"@type\":\"WebSite\",\"@id\":\"https:\\\/\\\/www.ferramentaparide.it\\\/blog\\\/#website\",\"url\":\"https:\\\/\\\/www.ferramentaparide.it\\\/blog\\\/\",\"name\":\"Ferramenta Paride\",\"description\":\"Il Servizio per il Professionista\",\"publisher\":{\"@id\":\"https:\\\/\\\/www.ferramentaparide.it\\\/blog\\\/#organization\"},\"potentialAction\":[{\"@type\":\"SearchAction\",\"target\":{\"@type\":\"EntryPoint\",\"urlTemplate\":\"https:\\\/\\\/www.ferramentaparide.it\\\/blog\\\/?s={search_term_string}\"},\"query-input\":{\"@type\":\"PropertyValueSpecification\",\"valueRequired\":true,\"valueName\":\"search_term_string\"}}],\"inLanguage\":\"it-IT\"},{\"@type\":\"Organization\",\"@id\":\"https:\\\/\\\/www.ferramentaparide.it\\\/blog\\\/#organization\",\"name\":\"Ferramenta Paride\",\"url\":\"https:\\\/\\\/www.ferramentaparide.it\\\/blog\\\/\",\"logo\":{\"@type\":\"ImageObject\",\"inLanguage\":\"it-IT\",\"@id\":\"https:\\\/\\\/www.ferramentaparide.it\\\/blog\\\/#\\\/schema\\\/logo\\\/image\\\/\",\"url\":\"https:\\\/\\\/www.ferramentaparide.it\\\/blog\\\/wp-content\\\/uploads\\\/2023\\\/11\\\/Logo_Ferramenta_Paride_20180225.webp\",\"contentUrl\":\"https:\\\/\\\/www.ferramentaparide.it\\\/blog\\\/wp-content\\\/uploads\\\/2023\\\/11\\\/Logo_Ferramenta_Paride_20180225.webp\",\"width\":167,\"height\":25,\"caption\":\"Ferramenta Paride\"},\"image\":{\"@id\":\"https:\\\/\\\/www.ferramentaparide.it\\\/blog\\\/#\\\/schema\\\/logo\\\/image\\\/\"}},{\"@type\":\"Person\",\"@id\":\"https:\\\/\\\/www.ferramentaparide.it\\\/blog\\\/#\\\/schema\\\/person\\\/c4b5d43ff223cadd8241221ebf22ba59\",\"name\":\"Amministratore\",\"image\":{\"@type\":\"ImageObject\",\"inLanguage\":\"it-IT\",\"@id\":\"https:\\\/\\\/secure.gravatar.com\\\/avatar\\\/65250d644d0b69af20450314cf24e17fd4d93e49e6bcee3a036c2cef1b1c6439?s=96&d=mm&r=g\",\"url\":\"https:\\\/\\\/secure.gravatar.com\\\/avatar\\\/65250d644d0b69af20450314cf24e17fd4d93e49e6bcee3a036c2cef1b1c6439?s=96&d=mm&r=g\",\"contentUrl\":\"https:\\\/\\\/secure.gravatar.com\\\/avatar\\\/65250d644d0b69af20450314cf24e17fd4d93e49e6bcee3a036c2cef1b1c6439?s=96&d=mm&r=g\",\"caption\":\"Amministratore\"},\"url\":\"https:\\\/\\\/www.ferramentaparide.it\\\/blog\\\/author\\\/ferramenta_admin_001\\\/\"}]}<\/script>\n<!-- \/ Yoast SEO plugin. -->","yoast_head_json":{"title":"[2026] Rivenditori OMAL utensili da taglio per metalli | Paride S.r.l.","description":"Rivenditore OMAL utensili in Italia e online. Distributore ufficiale autorizzato frese, punte per taglio metalli | Vedi il catalogo OMAL >","robots":{"index":"index","follow":"follow","max-snippet":"max-snippet:-1","max-image-preview":"max-image-preview:large","max-video-preview":"max-video-preview:-1"},"canonical":"https:\/\/www.ferramentaparide.it\/blog\/rivenditori-omal-utensili\/","og_locale":"it_IT","og_type":"article","og_title":"[2026] Rivenditori OMAL utensili da taglio per metalli | Paride S.r.l.","og_description":"Rivenditore OMAL utensili in Italia e online. Distributore ufficiale autorizzato frese, punte per taglio metalli | Vedi il catalogo OMAL >","og_url":"https:\/\/www.ferramentaparide.it\/blog\/rivenditori-omal-utensili\/","og_site_name":"Ferramenta Paride","article_published_time":"2025-02-14T13:54:55+00:00","article_modified_time":"2025-12-17T09:10:14+00:00","og_image":[{"width":640,"height":480,"url":"https:\/\/www.ferramentaparide.it\/blog\/wp-content\/uploads\/2025\/02\/ferramenta-paride-rivenditori-omal-utensili-da-taglio-a-treviso.jpg","type":"image\/jpeg"}],"author":"Amministratore","twitter_card":"summary_large_image","twitter_misc":{"Scritto da":"Amministratore","Tempo di lettura stimato":"3 minuti"},"schema":{"@context":"https:\/\/schema.org","@graph":[{"@type":"Article","@id":"https:\/\/www.ferramentaparide.it\/blog\/rivenditori-omal-utensili\/#article","isPartOf":{"@id":"https:\/\/www.ferramentaparide.it\/blog\/rivenditori-omal-utensili\/"},"author":{"name":"Amministratore","@id":"https:\/\/www.ferramentaparide.it\/blog\/#\/schema\/person\/c4b5d43ff223cadd8241221ebf22ba59"},"headline":"RIVENDITORI OMAL UTENSILI","datePublished":"2025-02-14T13:54:55+00:00","dateModified":"2025-12-17T09:10:14+00:00","mainEntityOfPage":{"@id":"https:\/\/www.ferramentaparide.it\/blog\/rivenditori-omal-utensili\/"},"wordCount":437,"commentCount":0,"publisher":{"@id":"https:\/\/www.ferramentaparide.it\/blog\/#organization"},"image":{"@id":"https:\/\/www.ferramentaparide.it\/blog\/rivenditori-omal-utensili\/#primaryimage"},"thumbnailUrl":"https:\/\/www.ferramentaparide.it\/blog\/wp-content\/uploads\/2025\/02\/ferramenta-paride-rivenditori-omal-utensili-da-taglio-a-treviso.jpg","keywords":["CATALOGHI","CATALOGO","FRESE PER METALLO OMAL","OMAL ALESATORI","OMAL ALESATORI CONICI","OMAL SVASATORI","OMAL UTENSILI ONLINE","RIVENDITORE","RIVENDITORE OMAL UTENSILI","RIVENDITORI","RIVENDITORI OMAL A TREVISO","RIVENDITORI OMAL ONLINE","RIVENDITORI OMAL UTENSILI","RIVENDITORI OMAL UTENSILI A TREVISO","TREVISO","TREVISO E PROVINCIA"],"articleSection":["RIVENDITORE AUTORIZZATO CENTRO ASSISTENZA A TREVISO"],"inLanguage":"it-IT","potentialAction":[{"@type":"CommentAction","name":"Comment","target":["https:\/\/www.ferramentaparide.it\/blog\/rivenditori-omal-utensili\/#respond"]}]},{"@type":"WebPage","@id":"https:\/\/www.ferramentaparide.it\/blog\/rivenditori-omal-utensili\/","url":"https:\/\/www.ferramentaparide.it\/blog\/rivenditori-omal-utensili\/","name":"[2026] Rivenditori OMAL utensili da taglio per metalli | Paride S.r.l.","isPartOf":{"@id":"https:\/\/www.ferramentaparide.it\/blog\/#website"},"primaryImageOfPage":{"@id":"https:\/\/www.ferramentaparide.it\/blog\/rivenditori-omal-utensili\/#primaryimage"},"image":{"@id":"https:\/\/www.ferramentaparide.it\/blog\/rivenditori-omal-utensili\/#primaryimage"},"thumbnailUrl":"https:\/\/www.ferramentaparide.it\/blog\/wp-content\/uploads\/2025\/02\/ferramenta-paride-rivenditori-omal-utensili-da-taglio-a-treviso.jpg","datePublished":"2025-02-14T13:54:55+00:00","dateModified":"2025-12-17T09:10:14+00:00","description":"Rivenditore OMAL utensili in Italia e online. Distributore ufficiale autorizzato frese, punte per taglio metalli | Vedi il catalogo OMAL >","breadcrumb":{"@id":"https:\/\/www.ferramentaparide.it\/blog\/rivenditori-omal-utensili\/#breadcrumb"},"inLanguage":"it-IT","potentialAction":[{"@type":"ReadAction","target":["https:\/\/www.ferramentaparide.it\/blog\/rivenditori-omal-utensili\/"]}]},{"@type":"ImageObject","inLanguage":"it-IT","@id":"https:\/\/www.ferramentaparide.it\/blog\/rivenditori-omal-utensili\/#primaryimage","url":"https:\/\/www.ferramentaparide.it\/blog\/wp-content\/uploads\/2025\/02\/ferramenta-paride-rivenditori-omal-utensili-da-taglio-a-treviso.jpg","contentUrl":"https:\/\/www.ferramentaparide.it\/blog\/wp-content\/uploads\/2025\/02\/ferramenta-paride-rivenditori-omal-utensili-da-taglio-a-treviso.jpg","width":640,"height":480,"caption":"ferramenta-paride-rivenditori-omal-utensili-da-taglio-a-treviso"},{"@type":"BreadcrumbList","@id":"https:\/\/www.ferramentaparide.it\/blog\/rivenditori-omal-utensili\/#breadcrumb","itemListElement":[{"@type":"ListItem","position":1,"name":"Home","item":"https:\/\/www.ferramentaparide.it\/blog\/"},{"@type":"ListItem","position":2,"name":"RIVENDITORI OMAL UTENSILI"}]},{"@type":"WebSite","@id":"https:\/\/www.ferramentaparide.it\/blog\/#website","url":"https:\/\/www.ferramentaparide.it\/blog\/","name":"Ferramenta Paride","description":"Il Servizio per il Professionista","publisher":{"@id":"https:\/\/www.ferramentaparide.it\/blog\/#organization"},"potentialAction":[{"@type":"SearchAction","target":{"@type":"EntryPoint","urlTemplate":"https:\/\/www.ferramentaparide.it\/blog\/?s={search_term_string}"},"query-input":{"@type":"PropertyValueSpecification","valueRequired":true,"valueName":"search_term_string"}}],"inLanguage":"it-IT"},{"@type":"Organization","@id":"https:\/\/www.ferramentaparide.it\/blog\/#organization","name":"Ferramenta Paride","url":"https:\/\/www.ferramentaparide.it\/blog\/","logo":{"@type":"ImageObject","inLanguage":"it-IT","@id":"https:\/\/www.ferramentaparide.it\/blog\/#\/schema\/logo\/image\/","url":"https:\/\/www.ferramentaparide.it\/blog\/wp-content\/uploads\/2023\/11\/Logo_Ferramenta_Paride_20180225.webp","contentUrl":"https:\/\/www.ferramentaparide.it\/blog\/wp-content\/uploads\/2023\/11\/Logo_Ferramenta_Paride_20180225.webp","width":167,"height":25,"caption":"Ferramenta Paride"},"image":{"@id":"https:\/\/www.ferramentaparide.it\/blog\/#\/schema\/logo\/image\/"}},{"@type":"Person","@id":"https:\/\/www.ferramentaparide.it\/blog\/#\/schema\/person\/c4b5d43ff223cadd8241221ebf22ba59","name":"Amministratore","image":{"@type":"ImageObject","inLanguage":"it-IT","@id":"https:\/\/secure.gravatar.com\/avatar\/65250d644d0b69af20450314cf24e17fd4d93e49e6bcee3a036c2cef1b1c6439?s=96&d=mm&r=g","url":"https:\/\/secure.gravatar.com\/avatar\/65250d644d0b69af20450314cf24e17fd4d93e49e6bcee3a036c2cef1b1c6439?s=96&d=mm&r=g","contentUrl":"https:\/\/secure.gravatar.com\/avatar\/65250d644d0b69af20450314cf24e17fd4d93e49e6bcee3a036c2cef1b1c6439?s=96&d=mm&r=g","caption":"Amministratore"},"url":"https:\/\/www.ferramentaparide.it\/blog\/author\/ferramenta_admin_001\/"}]}},"_links":{"self":[{"href":"https:\/\/www.ferramentaparide.it\/blog\/wp-json\/wp\/v2\/posts\/9723","targetHints":{"allow":["GET"]}}],"collection":[{"href":"https:\/\/www.ferramentaparide.it\/blog\/wp-json\/wp\/v2\/posts"}],"about":[{"href":"https:\/\/www.ferramentaparide.it\/blog\/wp-json\/wp\/v2\/types\/post"}],"author":[{"embeddable":true,"href":"https:\/\/www.ferramentaparide.it\/blog\/wp-json\/wp\/v2\/users\/2"}],"replies":[{"embeddable":true,"href":"https:\/\/www.ferramentaparide.it\/blog\/wp-json\/wp\/v2\/comments?post=9723"}],"version-history":[{"count":2,"href":"https:\/\/www.ferramentaparide.it\/blog\/wp-json\/wp\/v2\/posts\/9723\/revisions"}],"predecessor-version":[{"id":9777,"href":"https:\/\/www.ferramentaparide.it\/blog\/wp-json\/wp\/v2\/posts\/9723\/revisions\/9777"}],"wp:featuredmedia":[{"embeddable":true,"href":"https:\/\/www.ferramentaparide.it\/blog\/wp-json\/wp\/v2\/media\/9724"}],"wp:attachment":[{"href":"https:\/\/www.ferramentaparide.it\/blog\/wp-json\/wp\/v2\/media?parent=9723"}],"wp:term":[{"taxonomy":"category","embeddable":true,"href":"https:\/\/www.ferramentaparide.it\/blog\/wp-json\/wp\/v2\/categories?post=9723"},{"taxonomy":"post_tag","embeddable":true,"href":"https:\/\/www.ferramentaparide.it\/blog\/wp-json\/wp\/v2\/tags?post=9723"}],"curies":[{"name":"wp","href":"https:\/\/api.w.org\/{rel}","templated":true}]}}