{"id":463,"date":"2017-11-26T19:45:07","date_gmt":"2017-11-26T18:45:07","guid":{"rendered":"https:\/\/www.ferramentaparide.it\/blog\/?p=463"},"modified":"2025-12-17T09:21:14","modified_gmt":"2025-12-17T08:21:14","slug":"rivenditori-mial","status":"publish","type":"post","link":"https:\/\/www.ferramentaparide.it\/blog\/rivenditori-mial\/","title":{"rendered":"RIVENDITORI MIAL"},"content":{"rendered":"\n<h2 class=\"wp-block-heading has-text-align-center\">Paride S.r.l. | Ferramenta a Vascon di Carbonera \u00e8 tra i rivenditori Mial allestimenti industriali a Treviso e provincia e online.<\/h2>\n\n\n\n<div style=\"height:100px\" aria-hidden=\"true\" class=\"wp-block-spacer\"><\/div>\n\n\n\n<h2 class=\"wp-block-heading has-text-align-center\">Distributore ufficiale MIAL a Treviso e online<\/h2>\n\n\n\n<div style=\"height:100px\" aria-hidden=\"true\" class=\"wp-block-spacer\"><\/div>\n\n\n\n<h3 class=\"wp-block-heading has-text-align-center\">Rivenditori Mial in Italia e online \u2013 Distributore ufficiale MIAL a Treviso e online<\/h3>\n\n\n\n<div style=\"height:100px\" aria-hidden=\"true\" class=\"wp-block-spacer\"><\/div>\n\n\n\n<p><strong><strong>Paride S.r.l. | Ferramenta<\/strong><\/strong>, tra i punti vendita e rivenditori <strong>Mial&nbsp;<\/strong>a Treviso e provincia, presenta un vasto assortimento ed esposizione di banchi da lavoro, armadi, cassettiere, scaffali, carrelli e tutti i prodotti della serie Ideaone.<\/p>\n\n\n\n<div style=\"height:100px\" aria-hidden=\"true\" class=\"wp-block-spacer\"><\/div>\n\n\n<div class=\"wp-block-image is-resized\">\n<figure class=\"aligncenter\"><a href=\"https:\/\/www.mialsrl.it\/\"><img decoding=\"async\" width=\"300\" height=\"100\" src=\"https:\/\/www.ferramentaparide.it\/blog\/wp-content\/uploads\/2017\/11\/ferramenta-paride-treviso-rivenditore-mial-300x100.jpg\" alt=\"ferramenta-paride-treviso-rivenditore-mial\" class=\"wp-image-464\" srcset=\"https:\/\/www.ferramentaparide.it\/blog\/wp-content\/uploads\/2017\/11\/ferramenta-paride-treviso-rivenditore-mial-300x100.jpg 300w, https:\/\/www.ferramentaparide.it\/blog\/wp-content\/uploads\/2017\/11\/ferramenta-paride-treviso-rivenditore-mial.jpg 450w\" sizes=\"(max-width: 300px) 100vw, 300px\" \/><\/a><\/figure>\n<\/div>\n\n\n<div style=\"height:100px\" aria-hidden=\"true\" class=\"wp-block-spacer\"><\/div>\n\n\n\n<p>Molti articoli sono disponibili in pronta consegna e tutti i prodotti del catalogo&nbsp;<strong>Mial<\/strong>, quali banchi da lavoro, carrelli, armadi, scaffali e cassettiere possono essere ordinati e&nbsp;<a href=\"http:\/\/www.ferramentaparide.it\/treviso-costi-e-spedizioni\"><strong>consegnati<\/strong><\/a>&nbsp;in breve tempo.<\/p>\n\n\n\n<div style=\"height:100px\" aria-hidden=\"true\" class=\"wp-block-spacer\"><\/div>\n\n\n\n<p>Se vuoi saperne di pi\u00f9 su tutti i prodotti&nbsp;<strong>Mial<\/strong>, nell\u2019<a href=\"http:\/\/www.ferramentaparide.it\/treviso-consigli-e-news\"><strong>e-Commerce<\/strong>&nbsp;<\/a>di Paride S.r.l. puoi trovarne alcuni; altrimenti&nbsp;<a href=\"http:\/\/www.ferramentaparide.it\/index.php?route=information\/contact\"><strong>vieni a trovarci<\/strong><\/a>&nbsp;presso il punto vendita per curiosare nel reparto espositivo di banchi da lavoro, carrelli e armadi&nbsp;<strong>Mial<\/strong>.<\/p>\n\n\n\n<div style=\"height:100px\" aria-hidden=\"true\" class=\"wp-block-spacer\"><\/div>\n\n\n<div class=\"wp-block-image\">\n<figure class=\"aligncenter size-large\"><a href=\"http:\/\/www.ferramentaparide.it\/\"><img fetchpriority=\"high\" decoding=\"async\" width=\"820\" height=\"315\" src=\"https:\/\/www.ferramentaparide.it\/blog\/wp-content\/uploads\/2020\/08\/immagine-copertina-fb.jpg\" alt=\"immagine-copertina-fb\" class=\"wp-image-2337\"\/><\/a><\/figure>\n<\/div>\n\n\n<div style=\"height:100px\" aria-hidden=\"true\" class=\"wp-block-spacer\"><\/div>\n\n\n\n<h3 class=\"wp-block-heading\">L&#8217;azienda in pillole<\/h3>\n\n\n\n<div style=\"height:100px\" aria-hidden=\"true\" class=\"wp-block-spacer\"><\/div>\n\n\n\n<p><strong>Mial<\/strong>&nbsp;fa parte del gruppo <strong>Fami s.r.l.,<\/strong>&nbsp;un\u2019azienda italiana con sede a Vicenza, specializzata nella produzione di allestimenti industriali come banchi da lavoro, armadi a cassetti e carrelli.&nbsp;<\/p>\n\n\n\n<div style=\"height:100px\" aria-hidden=\"true\" class=\"wp-block-spacer\"><\/div>\n\n\n<div class=\"wp-block-image\">\n<figure class=\"aligncenter size-full\"><a href=\"http:\/\/www.ferramentaparide.it\/rivenditore-fami-a-treviso\"><img decoding=\"async\" width=\"450\" height=\"150\" src=\"https:\/\/www.ferramentaparide.it\/blog\/wp-content\/uploads\/2017\/11\/ferramenta-paride-treviso-rivenditore-fami.jpg\" alt=\"ferramenta-paride-treviso-rivenditore-fami\" class=\"wp-image-457\" srcset=\"https:\/\/www.ferramentaparide.it\/blog\/wp-content\/uploads\/2017\/11\/ferramenta-paride-treviso-rivenditore-fami.jpg 450w, https:\/\/www.ferramentaparide.it\/blog\/wp-content\/uploads\/2017\/11\/ferramenta-paride-treviso-rivenditore-fami-300x100.jpg 300w\" sizes=\"(max-width: 450px) 100vw, 450px\" \/><\/a><\/figure>\n<\/div>\n\n\n<div style=\"height:100px\" aria-hidden=\"true\" class=\"wp-block-spacer\"><\/div>\n\n\n\n<p><strong>Mial<\/strong>&nbsp;\u00e8 sempre al passo nell&#8217;innovazione, nella qualit\u00e0 e robustezza dei suoi prodotti: Mial \u00e8 partner di importanti gruppi industriali del Triveneto che hanno scelto i suoi prodotti&nbsp;per l\u2019affidabilit\u00e0 e durata assicurata da banchi e armadi di elevata qualit\u00e0.<\/p>\n\n\n\n<div style=\"height:100px\" aria-hidden=\"true\" class=\"wp-block-spacer\"><\/div>\n\n\n\n<h3 class=\"wp-block-heading\">Rivenditori MIAL: banchi e armadi da lavoro professionali<\/h3>\n\n\n\n<div style=\"height:100px\" aria-hidden=\"true\" class=\"wp-block-spacer\"><\/div>\n\n\n\n<p><a href=\"https:\/\/www.ferramentaparide.it\/blog\/ferramenta-paride-treviso-chi-siamo\/\"><strong>Paride S.r.l.<\/strong><\/a>&nbsp;\u00e8 partner e rivenditore&nbsp;<strong>Mial<\/strong>&nbsp;a Treviso da molti anni:&nbsp;<strong>Mial&nbsp;<\/strong>\u00e8 sinonimo di qualit\u00e0 e affidabilit\u00e0 per il professionista e per il privato.<\/p>\n\n\n\n<div style=\"height:100px\" aria-hidden=\"true\" class=\"wp-block-spacer\"><\/div>\n\n\n\n<p>Tutti gli altri marchi di <strong>Paride<\/strong> sono a&nbsp;<a href=\"https:\/\/www.ferramentaparide.it\/blog\/category\/rivenditore-autorizzato-centro-assistenza-a-treviso\/\"><strong>questo link<\/strong><\/a>.<\/p>\n\n\n\n<div style=\"height:100px\" aria-hidden=\"true\" class=\"wp-block-spacer\"><\/div>\n\n\n\n<h3 class=\"wp-block-heading\">Contattaci per maggiori informazioni<\/h3>\n\n\n\n<div style=\"height:100px\" aria-hidden=\"true\" class=\"wp-block-spacer\"><\/div>\n\n\n\n<p><br>Necessiti di informazioni per la disponibilit\u00e0 di banchi da lavoro e armadi&nbsp;<strong>MIAL<\/strong>?&nbsp;<\/p>\n\n\n\n<div style=\"height:100px\" aria-hidden=\"true\" class=\"wp-block-spacer\"><\/div>\n\n\n\n<p>hiedi di parlare con un nostro tecnico specializzato oppure invia la tua richiesta di preventivo alla mail che trovi nella sezione&nbsp;<a href=\"http:\/\/www.ferramentaparide.it\/index.php?route=information\/contact\"><strong>contatti<\/strong><\/a>.<\/p>\n\n\n\n<div style=\"height:100px\" aria-hidden=\"true\" class=\"wp-block-spacer\"><\/div>\n\n\n\n<div class=\"wp-block-buttons is-content-justification-center is-layout-flex wp-container-core-buttons-is-layout-16018d1d wp-block-buttons-is-layout-flex\">\n<div class=\"wp-block-button\"><a class=\"wp-block-button__link has-background has-text-align-center wp-element-button\" href=\"https:\/\/www.ferramentaparide.it\/index.php?route=information\/contact\" style=\"background-color:#0d91d7\">Contattaci per informazioni<\/a><\/div>\n<\/div>\n\n\n\n<div style=\"height:100px\" aria-hidden=\"true\" class=\"wp-block-spacer\"><\/div>\n\n\n\n<p>Vuoi far sapere ai tuoi amici che&nbsp;<strong>Paride S.r.l. | Ferramenta<\/strong>&nbsp;\u00e8 tra i rivenditori&nbsp;<strong>MIAL<\/strong>&nbsp;a Treviso e provincia?<\/p>\n\n\n\n<div style=\"height:100px\" aria-hidden=\"true\" class=\"wp-block-spacer\"><\/div>\n\n\n\n<p>Allora condividi questa pagina nei&nbsp;<a href=\"https:\/\/www.facebook.com\/ferramentaparide?ref=hl\"><strong>social<\/strong><\/a>!<\/p>\n","protected":false},"excerpt":{"rendered":"<p>Paride S.r.l. | Ferramenta a Vascon di Carbonera \u00e8 tra i rivenditori Mial allestimenti industriali a Treviso e provincia e online. Distributore ufficiale MIAL a Treviso e online Rivenditori Mial in Italia e online \u2013 Distributore ufficiale MIAL a Treviso e online Paride S.r.l. | Ferramenta, tra i punti vendita e rivenditori Mial&nbsp;a Treviso e&hellip;<\/p>\n","protected":false},"author":2,"featured_media":8939,"comment_status":"open","ping_status":"open","sticky":false,"template":"","format":"standard","meta":{"footnotes":""},"categories":[17],"tags":[284,286,287,201,289,268,288,283,291,285,290,18,19,52],"class_list":["post-463","post","type-post","status-publish","format-standard","has-post-thumbnail","hentry","category-rivenditore-autorizzato-centro-assistenza-a-treviso","tag-allestimenti","tag-armadi","tag-banchi","tag-carrelli","tag-cassettiere","tag-catalogo","tag-da-lavoro","tag-fami","tag-ideaone","tag-industriali","tag-mial","tag-rivenditore","tag-rivenditori","tag-treviso","category-17","description-off"],"yoast_head":"<!-- This site is optimized with the Yoast SEO plugin v27.5 - https:\/\/yoast.com\/product\/yoast-seo-wordpress\/ -->\n<title>[2026] Rivenditori MIAL IDEAONE | Banchi | Armadi | Carrelli<\/title>\n<meta name=\"description\" content=\"Paride Srl a Carbonera \u00e8 tra i rivenditori Mial allestimenti industriali a Treviso e provincia | Banchi da lavoro | Armadi Ideaone | Cassettiere\" \/>\n<meta name=\"robots\" content=\"index, follow, max-snippet:-1, max-image-preview:large, max-video-preview:-1\" \/>\n<link rel=\"canonical\" href=\"https:\/\/www.ferramentaparide.it\/blog\/rivenditori-mial\/\" \/>\n<meta property=\"og:locale\" content=\"it_IT\" \/>\n<meta property=\"og:type\" content=\"article\" \/>\n<meta property=\"og:title\" content=\"[2026] Rivenditori MIAL IDEAONE | Banchi | Armadi | Carrelli\" \/>\n<meta property=\"og:description\" content=\"Paride Srl a Carbonera \u00e8 tra i rivenditori Mial allestimenti industriali a Treviso e provincia | Banchi da lavoro | Armadi Ideaone | Cassettiere\" \/>\n<meta property=\"og:url\" content=\"https:\/\/www.ferramentaparide.it\/blog\/rivenditori-mial\/\" \/>\n<meta property=\"og:site_name\" content=\"Ferramenta Paride\" \/>\n<meta property=\"article:published_time\" content=\"2017-11-26T18:45:07+00:00\" \/>\n<meta property=\"article:modified_time\" content=\"2025-12-17T08:21:14+00:00\" \/>\n<meta property=\"og:image\" content=\"https:\/\/www.ferramentaparide.it\/blog\/wp-content\/uploads\/2017\/11\/ferramenta-paride-rivenditori-mial-a-treviso-1.jpg\" \/>\n\t<meta property=\"og:image:width\" content=\"640\" \/>\n\t<meta property=\"og:image:height\" content=\"480\" \/>\n\t<meta property=\"og:image:type\" content=\"image\/jpeg\" \/>\n<meta name=\"author\" content=\"Amministratore\" \/>\n<meta name=\"twitter:card\" content=\"summary_large_image\" \/>\n<meta name=\"twitter:label1\" content=\"Scritto da\" \/>\n\t<meta name=\"twitter:data1\" content=\"Amministratore\" \/>\n\t<meta name=\"twitter:label2\" content=\"Tempo di lettura stimato\" \/>\n\t<meta name=\"twitter:data2\" content=\"3 minuti\" \/>\n<script type=\"application\/ld+json\" class=\"yoast-schema-graph\">{\"@context\":\"https:\\\/\\\/schema.org\",\"@graph\":[{\"@type\":\"Article\",\"@id\":\"https:\\\/\\\/www.ferramentaparide.it\\\/blog\\\/rivenditori-mial\\\/#article\",\"isPartOf\":{\"@id\":\"https:\\\/\\\/www.ferramentaparide.it\\\/blog\\\/rivenditori-mial\\\/\"},\"author\":{\"name\":\"Amministratore\",\"@id\":\"https:\\\/\\\/www.ferramentaparide.it\\\/blog\\\/#\\\/schema\\\/person\\\/c4b5d43ff223cadd8241221ebf22ba59\"},\"headline\":\"RIVENDITORI MIAL\",\"datePublished\":\"2017-11-26T18:45:07+00:00\",\"dateModified\":\"2025-12-17T08:21:14+00:00\",\"mainEntityOfPage\":{\"@id\":\"https:\\\/\\\/www.ferramentaparide.it\\\/blog\\\/rivenditori-mial\\\/\"},\"wordCount\":367,\"commentCount\":0,\"publisher\":{\"@id\":\"https:\\\/\\\/www.ferramentaparide.it\\\/blog\\\/#organization\"},\"image\":{\"@id\":\"https:\\\/\\\/www.ferramentaparide.it\\\/blog\\\/rivenditori-mial\\\/#primaryimage\"},\"thumbnailUrl\":\"https:\\\/\\\/www.ferramentaparide.it\\\/blog\\\/wp-content\\\/uploads\\\/2017\\\/11\\\/ferramenta-paride-rivenditori-mial-a-treviso-1.jpg\",\"keywords\":[\"ALLESTIMENTI\",\"ARMADI\",\"BANCHI\",\"CARRELLI\",\"CASSETTIERE\",\"CATALOGO\",\"DA LAVORO\",\"FAMI\",\"IDEAONE\",\"INDUSTRIALI\",\"MIAL\",\"RIVENDITORE\",\"RIVENDITORI\",\"TREVISO\"],\"articleSection\":[\"RIVENDITORE AUTORIZZATO CENTRO ASSISTENZA A TREVISO\"],\"inLanguage\":\"it-IT\",\"potentialAction\":[{\"@type\":\"CommentAction\",\"name\":\"Comment\",\"target\":[\"https:\\\/\\\/www.ferramentaparide.it\\\/blog\\\/rivenditori-mial\\\/#respond\"]}]},{\"@type\":\"WebPage\",\"@id\":\"https:\\\/\\\/www.ferramentaparide.it\\\/blog\\\/rivenditori-mial\\\/\",\"url\":\"https:\\\/\\\/www.ferramentaparide.it\\\/blog\\\/rivenditori-mial\\\/\",\"name\":\"[2026] Rivenditori MIAL IDEAONE | Banchi | Armadi | Carrelli\",\"isPartOf\":{\"@id\":\"https:\\\/\\\/www.ferramentaparide.it\\\/blog\\\/#website\"},\"primaryImageOfPage\":{\"@id\":\"https:\\\/\\\/www.ferramentaparide.it\\\/blog\\\/rivenditori-mial\\\/#primaryimage\"},\"image\":{\"@id\":\"https:\\\/\\\/www.ferramentaparide.it\\\/blog\\\/rivenditori-mial\\\/#primaryimage\"},\"thumbnailUrl\":\"https:\\\/\\\/www.ferramentaparide.it\\\/blog\\\/wp-content\\\/uploads\\\/2017\\\/11\\\/ferramenta-paride-rivenditori-mial-a-treviso-1.jpg\",\"datePublished\":\"2017-11-26T18:45:07+00:00\",\"dateModified\":\"2025-12-17T08:21:14+00:00\",\"description\":\"Paride Srl a Carbonera \u00e8 tra i rivenditori Mial allestimenti industriali a Treviso e provincia | Banchi da lavoro | Armadi Ideaone | Cassettiere\",\"breadcrumb\":{\"@id\":\"https:\\\/\\\/www.ferramentaparide.it\\\/blog\\\/rivenditori-mial\\\/#breadcrumb\"},\"inLanguage\":\"it-IT\",\"potentialAction\":[{\"@type\":\"ReadAction\",\"target\":[\"https:\\\/\\\/www.ferramentaparide.it\\\/blog\\\/rivenditori-mial\\\/\"]}]},{\"@type\":\"ImageObject\",\"inLanguage\":\"it-IT\",\"@id\":\"https:\\\/\\\/www.ferramentaparide.it\\\/blog\\\/rivenditori-mial\\\/#primaryimage\",\"url\":\"https:\\\/\\\/www.ferramentaparide.it\\\/blog\\\/wp-content\\\/uploads\\\/2017\\\/11\\\/ferramenta-paride-rivenditori-mial-a-treviso-1.jpg\",\"contentUrl\":\"https:\\\/\\\/www.ferramentaparide.it\\\/blog\\\/wp-content\\\/uploads\\\/2017\\\/11\\\/ferramenta-paride-rivenditori-mial-a-treviso-1.jpg\",\"width\":640,\"height\":480,\"caption\":\"ferramenta-paride-rivenditori-mial-a-treviso\"},{\"@type\":\"BreadcrumbList\",\"@id\":\"https:\\\/\\\/www.ferramentaparide.it\\\/blog\\\/rivenditori-mial\\\/#breadcrumb\",\"itemListElement\":[{\"@type\":\"ListItem\",\"position\":1,\"name\":\"Home\",\"item\":\"https:\\\/\\\/www.ferramentaparide.it\\\/blog\\\/\"},{\"@type\":\"ListItem\",\"position\":2,\"name\":\"RIVENDITORI MIAL\"}]},{\"@type\":\"WebSite\",\"@id\":\"https:\\\/\\\/www.ferramentaparide.it\\\/blog\\\/#website\",\"url\":\"https:\\\/\\\/www.ferramentaparide.it\\\/blog\\\/\",\"name\":\"Ferramenta Paride\",\"description\":\"Il Servizio per il Professionista\",\"publisher\":{\"@id\":\"https:\\\/\\\/www.ferramentaparide.it\\\/blog\\\/#organization\"},\"potentialAction\":[{\"@type\":\"SearchAction\",\"target\":{\"@type\":\"EntryPoint\",\"urlTemplate\":\"https:\\\/\\\/www.ferramentaparide.it\\\/blog\\\/?s={search_term_string}\"},\"query-input\":{\"@type\":\"PropertyValueSpecification\",\"valueRequired\":true,\"valueName\":\"search_term_string\"}}],\"inLanguage\":\"it-IT\"},{\"@type\":\"Organization\",\"@id\":\"https:\\\/\\\/www.ferramentaparide.it\\\/blog\\\/#organization\",\"name\":\"Ferramenta Paride\",\"url\":\"https:\\\/\\\/www.ferramentaparide.it\\\/blog\\\/\",\"logo\":{\"@type\":\"ImageObject\",\"inLanguage\":\"it-IT\",\"@id\":\"https:\\\/\\\/www.ferramentaparide.it\\\/blog\\\/#\\\/schema\\\/logo\\\/image\\\/\",\"url\":\"https:\\\/\\\/www.ferramentaparide.it\\\/blog\\\/wp-content\\\/uploads\\\/2023\\\/11\\\/Logo_Ferramenta_Paride_20180225.webp\",\"contentUrl\":\"https:\\\/\\\/www.ferramentaparide.it\\\/blog\\\/wp-content\\\/uploads\\\/2023\\\/11\\\/Logo_Ferramenta_Paride_20180225.webp\",\"width\":167,\"height\":25,\"caption\":\"Ferramenta Paride\"},\"image\":{\"@id\":\"https:\\\/\\\/www.ferramentaparide.it\\\/blog\\\/#\\\/schema\\\/logo\\\/image\\\/\"}},{\"@type\":\"Person\",\"@id\":\"https:\\\/\\\/www.ferramentaparide.it\\\/blog\\\/#\\\/schema\\\/person\\\/c4b5d43ff223cadd8241221ebf22ba59\",\"name\":\"Amministratore\",\"image\":{\"@type\":\"ImageObject\",\"inLanguage\":\"it-IT\",\"@id\":\"https:\\\/\\\/secure.gravatar.com\\\/avatar\\\/65250d644d0b69af20450314cf24e17fd4d93e49e6bcee3a036c2cef1b1c6439?s=96&d=mm&r=g\",\"url\":\"https:\\\/\\\/secure.gravatar.com\\\/avatar\\\/65250d644d0b69af20450314cf24e17fd4d93e49e6bcee3a036c2cef1b1c6439?s=96&d=mm&r=g\",\"contentUrl\":\"https:\\\/\\\/secure.gravatar.com\\\/avatar\\\/65250d644d0b69af20450314cf24e17fd4d93e49e6bcee3a036c2cef1b1c6439?s=96&d=mm&r=g\",\"caption\":\"Amministratore\"},\"url\":\"https:\\\/\\\/www.ferramentaparide.it\\\/blog\\\/author\\\/ferramenta_admin_001\\\/\"}]}<\/script>\n<!-- \/ Yoast SEO plugin. -->","yoast_head_json":{"title":"[2026] Rivenditori MIAL IDEAONE | Banchi | Armadi | Carrelli","description":"Paride Srl a Carbonera \u00e8 tra i rivenditori Mial allestimenti industriali a Treviso e provincia | Banchi da lavoro | Armadi Ideaone | Cassettiere","robots":{"index":"index","follow":"follow","max-snippet":"max-snippet:-1","max-image-preview":"max-image-preview:large","max-video-preview":"max-video-preview:-1"},"canonical":"https:\/\/www.ferramentaparide.it\/blog\/rivenditori-mial\/","og_locale":"it_IT","og_type":"article","og_title":"[2026] Rivenditori MIAL IDEAONE | Banchi | Armadi | Carrelli","og_description":"Paride Srl a Carbonera \u00e8 tra i rivenditori Mial allestimenti industriali a Treviso e provincia | Banchi da lavoro | Armadi Ideaone | Cassettiere","og_url":"https:\/\/www.ferramentaparide.it\/blog\/rivenditori-mial\/","og_site_name":"Ferramenta Paride","article_published_time":"2017-11-26T18:45:07+00:00","article_modified_time":"2025-12-17T08:21:14+00:00","og_image":[{"width":640,"height":480,"url":"https:\/\/www.ferramentaparide.it\/blog\/wp-content\/uploads\/2017\/11\/ferramenta-paride-rivenditori-mial-a-treviso-1.jpg","type":"image\/jpeg"}],"author":"Amministratore","twitter_card":"summary_large_image","twitter_misc":{"Scritto da":"Amministratore","Tempo di lettura stimato":"3 minuti"},"schema":{"@context":"https:\/\/schema.org","@graph":[{"@type":"Article","@id":"https:\/\/www.ferramentaparide.it\/blog\/rivenditori-mial\/#article","isPartOf":{"@id":"https:\/\/www.ferramentaparide.it\/blog\/rivenditori-mial\/"},"author":{"name":"Amministratore","@id":"https:\/\/www.ferramentaparide.it\/blog\/#\/schema\/person\/c4b5d43ff223cadd8241221ebf22ba59"},"headline":"RIVENDITORI MIAL","datePublished":"2017-11-26T18:45:07+00:00","dateModified":"2025-12-17T08:21:14+00:00","mainEntityOfPage":{"@id":"https:\/\/www.ferramentaparide.it\/blog\/rivenditori-mial\/"},"wordCount":367,"commentCount":0,"publisher":{"@id":"https:\/\/www.ferramentaparide.it\/blog\/#organization"},"image":{"@id":"https:\/\/www.ferramentaparide.it\/blog\/rivenditori-mial\/#primaryimage"},"thumbnailUrl":"https:\/\/www.ferramentaparide.it\/blog\/wp-content\/uploads\/2017\/11\/ferramenta-paride-rivenditori-mial-a-treviso-1.jpg","keywords":["ALLESTIMENTI","ARMADI","BANCHI","CARRELLI","CASSETTIERE","CATALOGO","DA LAVORO","FAMI","IDEAONE","INDUSTRIALI","MIAL","RIVENDITORE","RIVENDITORI","TREVISO"],"articleSection":["RIVENDITORE AUTORIZZATO CENTRO ASSISTENZA A TREVISO"],"inLanguage":"it-IT","potentialAction":[{"@type":"CommentAction","name":"Comment","target":["https:\/\/www.ferramentaparide.it\/blog\/rivenditori-mial\/#respond"]}]},{"@type":"WebPage","@id":"https:\/\/www.ferramentaparide.it\/blog\/rivenditori-mial\/","url":"https:\/\/www.ferramentaparide.it\/blog\/rivenditori-mial\/","name":"[2026] Rivenditori MIAL IDEAONE | Banchi | Armadi | Carrelli","isPartOf":{"@id":"https:\/\/www.ferramentaparide.it\/blog\/#website"},"primaryImageOfPage":{"@id":"https:\/\/www.ferramentaparide.it\/blog\/rivenditori-mial\/#primaryimage"},"image":{"@id":"https:\/\/www.ferramentaparide.it\/blog\/rivenditori-mial\/#primaryimage"},"thumbnailUrl":"https:\/\/www.ferramentaparide.it\/blog\/wp-content\/uploads\/2017\/11\/ferramenta-paride-rivenditori-mial-a-treviso-1.jpg","datePublished":"2017-11-26T18:45:07+00:00","dateModified":"2025-12-17T08:21:14+00:00","description":"Paride Srl a Carbonera \u00e8 tra i rivenditori Mial allestimenti industriali a Treviso e provincia | Banchi da lavoro | Armadi Ideaone | Cassettiere","breadcrumb":{"@id":"https:\/\/www.ferramentaparide.it\/blog\/rivenditori-mial\/#breadcrumb"},"inLanguage":"it-IT","potentialAction":[{"@type":"ReadAction","target":["https:\/\/www.ferramentaparide.it\/blog\/rivenditori-mial\/"]}]},{"@type":"ImageObject","inLanguage":"it-IT","@id":"https:\/\/www.ferramentaparide.it\/blog\/rivenditori-mial\/#primaryimage","url":"https:\/\/www.ferramentaparide.it\/blog\/wp-content\/uploads\/2017\/11\/ferramenta-paride-rivenditori-mial-a-treviso-1.jpg","contentUrl":"https:\/\/www.ferramentaparide.it\/blog\/wp-content\/uploads\/2017\/11\/ferramenta-paride-rivenditori-mial-a-treviso-1.jpg","width":640,"height":480,"caption":"ferramenta-paride-rivenditori-mial-a-treviso"},{"@type":"BreadcrumbList","@id":"https:\/\/www.ferramentaparide.it\/blog\/rivenditori-mial\/#breadcrumb","itemListElement":[{"@type":"ListItem","position":1,"name":"Home","item":"https:\/\/www.ferramentaparide.it\/blog\/"},{"@type":"ListItem","position":2,"name":"RIVENDITORI MIAL"}]},{"@type":"WebSite","@id":"https:\/\/www.ferramentaparide.it\/blog\/#website","url":"https:\/\/www.ferramentaparide.it\/blog\/","name":"Ferramenta Paride","description":"Il Servizio per il Professionista","publisher":{"@id":"https:\/\/www.ferramentaparide.it\/blog\/#organization"},"potentialAction":[{"@type":"SearchAction","target":{"@type":"EntryPoint","urlTemplate":"https:\/\/www.ferramentaparide.it\/blog\/?s={search_term_string}"},"query-input":{"@type":"PropertyValueSpecification","valueRequired":true,"valueName":"search_term_string"}}],"inLanguage":"it-IT"},{"@type":"Organization","@id":"https:\/\/www.ferramentaparide.it\/blog\/#organization","name":"Ferramenta Paride","url":"https:\/\/www.ferramentaparide.it\/blog\/","logo":{"@type":"ImageObject","inLanguage":"it-IT","@id":"https:\/\/www.ferramentaparide.it\/blog\/#\/schema\/logo\/image\/","url":"https:\/\/www.ferramentaparide.it\/blog\/wp-content\/uploads\/2023\/11\/Logo_Ferramenta_Paride_20180225.webp","contentUrl":"https:\/\/www.ferramentaparide.it\/blog\/wp-content\/uploads\/2023\/11\/Logo_Ferramenta_Paride_20180225.webp","width":167,"height":25,"caption":"Ferramenta Paride"},"image":{"@id":"https:\/\/www.ferramentaparide.it\/blog\/#\/schema\/logo\/image\/"}},{"@type":"Person","@id":"https:\/\/www.ferramentaparide.it\/blog\/#\/schema\/person\/c4b5d43ff223cadd8241221ebf22ba59","name":"Amministratore","image":{"@type":"ImageObject","inLanguage":"it-IT","@id":"https:\/\/secure.gravatar.com\/avatar\/65250d644d0b69af20450314cf24e17fd4d93e49e6bcee3a036c2cef1b1c6439?s=96&d=mm&r=g","url":"https:\/\/secure.gravatar.com\/avatar\/65250d644d0b69af20450314cf24e17fd4d93e49e6bcee3a036c2cef1b1c6439?s=96&d=mm&r=g","contentUrl":"https:\/\/secure.gravatar.com\/avatar\/65250d644d0b69af20450314cf24e17fd4d93e49e6bcee3a036c2cef1b1c6439?s=96&d=mm&r=g","caption":"Amministratore"},"url":"https:\/\/www.ferramentaparide.it\/blog\/author\/ferramenta_admin_001\/"}]}},"_links":{"self":[{"href":"https:\/\/www.ferramentaparide.it\/blog\/wp-json\/wp\/v2\/posts\/463","targetHints":{"allow":["GET"]}}],"collection":[{"href":"https:\/\/www.ferramentaparide.it\/blog\/wp-json\/wp\/v2\/posts"}],"about":[{"href":"https:\/\/www.ferramentaparide.it\/blog\/wp-json\/wp\/v2\/types\/post"}],"author":[{"embeddable":true,"href":"https:\/\/www.ferramentaparide.it\/blog\/wp-json\/wp\/v2\/users\/2"}],"replies":[{"embeddable":true,"href":"https:\/\/www.ferramentaparide.it\/blog\/wp-json\/wp\/v2\/comments?post=463"}],"version-history":[{"count":3,"href":"https:\/\/www.ferramentaparide.it\/blog\/wp-json\/wp\/v2\/posts\/463\/revisions"}],"predecessor-version":[{"id":10306,"href":"https:\/\/www.ferramentaparide.it\/blog\/wp-json\/wp\/v2\/posts\/463\/revisions\/10306"}],"wp:featuredmedia":[{"embeddable":true,"href":"https:\/\/www.ferramentaparide.it\/blog\/wp-json\/wp\/v2\/media\/8939"}],"wp:attachment":[{"href":"https:\/\/www.ferramentaparide.it\/blog\/wp-json\/wp\/v2\/media?parent=463"}],"wp:term":[{"taxonomy":"category","embeddable":true,"href":"https:\/\/www.ferramentaparide.it\/blog\/wp-json\/wp\/v2\/categories?post=463"},{"taxonomy":"post_tag","embeddable":true,"href":"https:\/\/www.ferramentaparide.it\/blog\/wp-json\/wp\/v2\/tags?post=463"}],"curies":[{"name":"wp","href":"https:\/\/api.w.org\/{rel}","templated":true}]}}