{"id":214,"date":"2017-10-18T21:02:47","date_gmt":"2017-10-18T19:02:47","guid":{"rendered":"https:\/\/www.ferramentaparide.it\/blog\/?p=214"},"modified":"2025-12-17T09:10:27","modified_gmt":"2025-12-17T08:10:27","slug":"rivenditori-airtec-aria-compressa","status":"publish","type":"post","link":"https:\/\/www.ferramentaparide.it\/blog\/rivenditori-airtec-aria-compressa\/","title":{"rendered":"RIVENDITORI AIRTEC ARIA COMPRESSA"},"content":{"rendered":"\n<h2 class=\"wp-block-heading has-text-align-center\">Paride S.r.l. | Ferramenta a Vascon di Carbonera \u00e8 tra i rivenditori AIRTEC aria compressa a Treviso e provincia e online.<\/h2>\n\n\n\n<div style=\"height:100px\" aria-hidden=\"true\" class=\"wp-block-spacer\"><\/div>\n\n\n\n<h2 class=\"wp-block-heading has-text-align-center\">Distributore ufficiale AIRTEC a Treviso e online<\/h2>\n\n\n\n<div style=\"height:100px\" aria-hidden=\"true\" class=\"wp-block-spacer\"><\/div>\n\n\n\n<h3 class=\"wp-block-heading has-text-align-center\">Rivenditori AIRTEC aria compressa in Italia e online \u2013 Distributore ufficiale AIRTEC a Treviso e online<\/h3>\n\n\n\n<div style=\"height:100px\" aria-hidden=\"true\" class=\"wp-block-spacer\"><\/div>\n\n\n\n<p><strong>Paride S.r.l. | Ferramenta<\/strong>, tra i punti vendita e rivenditori <strong>Airtec aria compressa<\/strong>\u00a0a Treviso e provincia, presenta un vasto assortimento ed esposizione di accessori pneumatici e avvitatori <strong>Airtec<\/strong>.<\/p>\n\n\n\n<div style=\"height:100px\" aria-hidden=\"true\" class=\"wp-block-spacer\"><\/div>\n\n\n<div class=\"wp-block-image\">\n<figure class=\"aligncenter\"><a href=\"http:\/\/www.airtecariacompressa.com\/\"><img decoding=\"async\" width=\"300\" height=\"150\" src=\"https:\/\/www.ferramentaparide.it\/blog\/wp-content\/uploads\/2017\/10\/ferramenta-paride-treviso-rivenditore-airtec-300x150.png\" alt=\"ferramenta-paride-treviso-rivenditore-airtec\" class=\"wp-image-118\"\/><\/a><\/figure>\n<\/div>\n\n\n<div style=\"height:100px\" aria-hidden=\"true\" class=\"wp-block-spacer\"><\/div>\n\n\n\n<p>Molti articoli sono disponibili in pronta consegna e tutti i prodotti del catalogo <strong>Airtec<\/strong>&nbsp;<strong>aria compressa<\/strong> possono essere ordinati e&nbsp;<a href=\"http:\/\/www.ferramentaparide.it\/treviso-costi-e-spedizioni\">consegnati<\/a>&nbsp;in breve tempo.<\/p>\n\n\n\n<div style=\"height:100px\" aria-hidden=\"true\" class=\"wp-block-spacer\"><\/div>\n\n\n\n<p>Se vuoi saperne di pi\u00f9 su tutti i prodotti <strong>Airtec aria compressa<\/strong>, nell\u2019<a href=\"http:\/\/www.ferramentaparide.it\"><strong>e-Commerce<\/strong>\u00a0<\/a>di Paride S.r.l. puoi trovarne alcuni; altrimenti\u00a0<a href=\"http:\/\/www.ferramentaparide.it\/index.php?route=information\/contact\"><strong>vieni a trovarci<\/strong><\/a>\u00a0presso il punto vendita per curiosare nel reparto espositivo utensili pneumatici, avvitatori e accessori <strong>Airtec<\/strong>.<\/p>\n\n\n\n<div style=\"height:100px\" aria-hidden=\"true\" class=\"wp-block-spacer\"><\/div>\n\n\n<div class=\"wp-block-image\">\n<figure class=\"aligncenter size-large\"><a href=\"http:\/\/www.ferramentaparide.it\/\"><img fetchpriority=\"high\" decoding=\"async\" width=\"820\" height=\"315\" src=\"https:\/\/www.ferramentaparide.it\/blog\/wp-content\/uploads\/2020\/08\/immagine-copertina-fb.jpg\" alt=\"immagine-copertina-fb\" class=\"wp-image-2337\"\/><\/a><\/figure>\n<\/div>\n\n\n<div style=\"height:100px\" aria-hidden=\"true\" class=\"wp-block-spacer\"><\/div>\n\n\n\n<h3 class=\"wp-block-heading\">L&#8217;azienda in pillole<\/h3>\n\n\n\n<div style=\"height:100px\" aria-hidden=\"true\" class=\"wp-block-spacer\"><\/div>\n\n\n\n<p><strong>Airtec aria compressa\u00a0 S.r.l.\u00a0<\/strong>\u00e8 un marchio italiano e azienda leader nella produzione di utensili, avvitatori e accessori per aria compressa. <\/p>\n\n\n\n<div style=\"height:100px\" aria-hidden=\"true\" class=\"wp-block-spacer\"><\/div>\n\n\n\n<p>L&#8217;azienda produce anche compressori a pistoni, rotativi a vite serbatoi e tutti gli accessori di completamento del circuito pneumatico, come valvole e raccordi.<\/p>\n\n\n\n<div style=\"height:100px\" aria-hidden=\"true\" class=\"wp-block-spacer\"><\/div>\n\n\n\n<p><a href=\"https:\/\/www.ferramentaparide.it\/blog\/ferramenta-paride-treviso-chi-siamo\/\"><strong>Paride<\/strong> <strong>S.r.l.<\/strong><\/a> \u00a0\u00e8 partner e rivenditore autorizzato <strong>Airtec aria compressa<\/strong>\u00a0a Treviso da molti anni: <strong>Airtec\u00a0<\/strong>\u00e8 sinonimo di qualit\u00e0 e affidabilit\u00e0 per il professionista e per il privato.<\/p>\n\n\n\n<div style=\"height:100px\" aria-hidden=\"true\" class=\"wp-block-spacer\"><\/div>\n\n\n\n<p>Tutti gli altri marchi di <strong>Paride<\/strong> sono a\u00a0<a href=\"https:\/\/www.ferramentaparide.it\/blog\/category\/rivenditore-autorizzato-centro-assistenza-a-treviso\/\"><strong>questo link<\/strong><\/a>.<\/p>\n\n\n\n<div style=\"height:100px\" aria-hidden=\"true\" class=\"wp-block-spacer\"><\/div>\n\n\n\n<h3 class=\"wp-block-heading\">Contattaci per maggiori informazioni<\/h3>\n\n\n\n<div style=\"height:100px\" aria-hidden=\"true\" class=\"wp-block-spacer\"><\/div>\n\n\n\n<p><br>Necessiti di informazioni per la disponibilit\u00e0 di utensili pneumatici professionali <strong>AIRTEC<\/strong>?\u00a0<\/p>\n\n\n\n<div style=\"height:100px\" aria-hidden=\"true\" class=\"wp-block-spacer\"><\/div>\n\n\n\n<p>Chiedi di parlare con un nostro tecnico specializzato oppure invia la tua richiesta di preventivo alla mail che trovi nella sezione&nbsp;<a href=\"http:\/\/www.ferramentaparide.it\/index.php?route=information\/contact\"><strong>contatti<\/strong><\/a>.<\/p>\n\n\n\n<div style=\"height:100px\" aria-hidden=\"true\" class=\"wp-block-spacer\"><\/div>\n\n\n\n<div class=\"wp-block-buttons is-content-justification-center is-layout-flex wp-container-core-buttons-is-layout-16018d1d wp-block-buttons-is-layout-flex\">\n<div class=\"wp-block-button\"><a class=\"wp-block-button__link has-background has-text-align-center wp-element-button\" href=\"https:\/\/www.ferramentaparide.it\/index.php?route=information\/contact\" style=\"background-color:#0d91d7\">Contattaci per informazioni<\/a><\/div>\n<\/div>\n\n\n\n<div style=\"height:100px\" aria-hidden=\"true\" class=\"wp-block-spacer\"><\/div>\n\n\n\n<p>Vuoi far sapere ai tuoi amici che <strong>Paride S.r.l. | Ferramenta<\/strong> \u00e8 tra i rivenditori <strong>AIRTEC aria compressa<\/strong> a Treviso e provincia?<\/p>\n\n\n\n<div style=\"height:100px\" aria-hidden=\"true\" class=\"wp-block-spacer\"><\/div>\n\n\n\n<p>Allora condividi questa pagina nei\u00a0<a href=\"https:\/\/www.facebook.com\/ferramentaparide?ref=hl\"><strong>social<\/strong><\/a><strong>.<\/strong><\/p>\n\n\n\n<p><\/p>\n","protected":false},"excerpt":{"rendered":"<p>Paride S.r.l. | Ferramenta a Vascon di Carbonera \u00e8 tra i rivenditori AIRTEC aria compressa a Treviso e provincia e online. Distributore ufficiale AIRTEC a Treviso e online Rivenditori AIRTEC aria compressa in Italia e online \u2013 Distributore ufficiale AIRTEC a Treviso e online Paride S.r.l. | Ferramenta, tra i punti vendita e rivenditori Airtec&hellip;<\/p>\n","protected":false},"author":2,"featured_media":8771,"comment_status":"open","ping_status":"open","sticky":false,"template":"","format":"standard","meta":{"footnotes":""},"categories":[17],"tags":[70,71,72,73,268,63,65,67,66,18,19,1533,1534,52,74,34],"class_list":["post-214","post","type-post","status-publish","format-standard","has-post-thumbnail","hentry","category-rivenditore-autorizzato-centro-assistenza-a-treviso","tag-airtec","tag-aria-compressa","tag-avvitatore","tag-avvitatori","tag-catalogo","tag-pneumatici","tag-pneumatico","tag-raccordi","tag-raccordo","tag-rivenditore","tag-rivenditori","tag-rivenditori-airtec-aria-compressa","tag-rivenditori-airtec-utensili-pneumatici","tag-treviso","tag-utensile","tag-utensili","category-17","description-off"],"yoast_head":"<!-- This site is optimized with the Yoast SEO plugin v27.5 - https:\/\/yoast.com\/product\/yoast-seo-wordpress\/ -->\n<title>[2026] Rivenditori AIRTEC Aria Compressa | Paride S.r.l.<\/title>\n<meta name=\"description\" content=\"Paride | Ferramenta Srl a Vascon di Carbonera \u00e8 tra i rivenditori AIRTEC aria compressa a Treviso e provincia. Utensili pneumatici online &gt;\" \/>\n<meta name=\"robots\" content=\"index, follow, max-snippet:-1, max-image-preview:large, max-video-preview:-1\" \/>\n<link rel=\"canonical\" href=\"https:\/\/www.ferramentaparide.it\/blog\/rivenditori-airtec-aria-compressa\/\" \/>\n<meta property=\"og:locale\" content=\"it_IT\" \/>\n<meta property=\"og:type\" content=\"article\" \/>\n<meta property=\"og:title\" content=\"[2026] Rivenditori AIRTEC Aria Compressa | Paride S.r.l.\" \/>\n<meta property=\"og:description\" content=\"Paride | Ferramenta Srl a Vascon di Carbonera \u00e8 tra i rivenditori AIRTEC aria compressa a Treviso e provincia. Utensili pneumatici online &gt;\" \/>\n<meta property=\"og:url\" content=\"https:\/\/www.ferramentaparide.it\/blog\/rivenditori-airtec-aria-compressa\/\" \/>\n<meta property=\"og:site_name\" content=\"Ferramenta Paride\" \/>\n<meta property=\"article:published_time\" content=\"2017-10-18T19:02:47+00:00\" \/>\n<meta property=\"article:modified_time\" content=\"2025-12-17T08:10:27+00:00\" \/>\n<meta property=\"og:image\" content=\"https:\/\/www.ferramentaparide.it\/blog\/wp-content\/uploads\/2017\/10\/ferramenta-paride-rivenditori-airtec-utensili-pneumatici-a-treviso.jpg\" \/>\n\t<meta property=\"og:image:width\" content=\"640\" \/>\n\t<meta property=\"og:image:height\" content=\"480\" \/>\n\t<meta property=\"og:image:type\" content=\"image\/jpeg\" \/>\n<meta name=\"author\" content=\"Amministratore\" \/>\n<meta name=\"twitter:card\" content=\"summary_large_image\" \/>\n<meta name=\"twitter:label1\" content=\"Scritto da\" \/>\n\t<meta name=\"twitter:data1\" content=\"Amministratore\" \/>\n\t<meta name=\"twitter:label2\" content=\"Tempo di lettura stimato\" \/>\n\t<meta name=\"twitter:data2\" content=\"3 minuti\" \/>\n<script type=\"application\/ld+json\" class=\"yoast-schema-graph\">{\"@context\":\"https:\\\/\\\/schema.org\",\"@graph\":[{\"@type\":\"Article\",\"@id\":\"https:\\\/\\\/www.ferramentaparide.it\\\/blog\\\/rivenditori-airtec-aria-compressa\\\/#article\",\"isPartOf\":{\"@id\":\"https:\\\/\\\/www.ferramentaparide.it\\\/blog\\\/rivenditori-airtec-aria-compressa\\\/\"},\"author\":{\"name\":\"Amministratore\",\"@id\":\"https:\\\/\\\/www.ferramentaparide.it\\\/blog\\\/#\\\/schema\\\/person\\\/c4b5d43ff223cadd8241221ebf22ba59\"},\"headline\":\"RIVENDITORI AIRTEC ARIA COMPRESSA\",\"datePublished\":\"2017-10-18T19:02:47+00:00\",\"dateModified\":\"2025-12-17T08:10:27+00:00\",\"mainEntityOfPage\":{\"@id\":\"https:\\\/\\\/www.ferramentaparide.it\\\/blog\\\/rivenditori-airtec-aria-compressa\\\/\"},\"wordCount\":303,\"commentCount\":0,\"publisher\":{\"@id\":\"https:\\\/\\\/www.ferramentaparide.it\\\/blog\\\/#organization\"},\"image\":{\"@id\":\"https:\\\/\\\/www.ferramentaparide.it\\\/blog\\\/rivenditori-airtec-aria-compressa\\\/#primaryimage\"},\"thumbnailUrl\":\"https:\\\/\\\/www.ferramentaparide.it\\\/blog\\\/wp-content\\\/uploads\\\/2017\\\/10\\\/ferramenta-paride-rivenditori-airtec-utensili-pneumatici-a-treviso.jpg\",\"keywords\":[\"AIRTEC\",\"ARIA COMPRESSA\",\"AVVITATORE\",\"AVVITATORI\",\"CATALOGO\",\"PNEUMATICI\",\"PNEUMATICO\",\"RACCORDI\",\"RACCORDO\",\"RIVENDITORE\",\"RIVENDITORI\",\"RIVENDITORI AIRTEC ARIA COMPRESSA\",\"RIVENDITORI AIRTEC UTENSILI PNEUMATICI\",\"TREVISO\",\"UTENSILE\",\"UTENSILI\"],\"articleSection\":[\"RIVENDITORE AUTORIZZATO CENTRO ASSISTENZA A TREVISO\"],\"inLanguage\":\"it-IT\",\"potentialAction\":[{\"@type\":\"CommentAction\",\"name\":\"Comment\",\"target\":[\"https:\\\/\\\/www.ferramentaparide.it\\\/blog\\\/rivenditori-airtec-aria-compressa\\\/#respond\"]}]},{\"@type\":\"WebPage\",\"@id\":\"https:\\\/\\\/www.ferramentaparide.it\\\/blog\\\/rivenditori-airtec-aria-compressa\\\/\",\"url\":\"https:\\\/\\\/www.ferramentaparide.it\\\/blog\\\/rivenditori-airtec-aria-compressa\\\/\",\"name\":\"[2026] Rivenditori AIRTEC Aria Compressa | Paride S.r.l.\",\"isPartOf\":{\"@id\":\"https:\\\/\\\/www.ferramentaparide.it\\\/blog\\\/#website\"},\"primaryImageOfPage\":{\"@id\":\"https:\\\/\\\/www.ferramentaparide.it\\\/blog\\\/rivenditori-airtec-aria-compressa\\\/#primaryimage\"},\"image\":{\"@id\":\"https:\\\/\\\/www.ferramentaparide.it\\\/blog\\\/rivenditori-airtec-aria-compressa\\\/#primaryimage\"},\"thumbnailUrl\":\"https:\\\/\\\/www.ferramentaparide.it\\\/blog\\\/wp-content\\\/uploads\\\/2017\\\/10\\\/ferramenta-paride-rivenditori-airtec-utensili-pneumatici-a-treviso.jpg\",\"datePublished\":\"2017-10-18T19:02:47+00:00\",\"dateModified\":\"2025-12-17T08:10:27+00:00\",\"description\":\"Paride | Ferramenta Srl a Vascon di Carbonera \u00e8 tra i rivenditori AIRTEC aria compressa a Treviso e provincia. Utensili pneumatici online >\",\"breadcrumb\":{\"@id\":\"https:\\\/\\\/www.ferramentaparide.it\\\/blog\\\/rivenditori-airtec-aria-compressa\\\/#breadcrumb\"},\"inLanguage\":\"it-IT\",\"potentialAction\":[{\"@type\":\"ReadAction\",\"target\":[\"https:\\\/\\\/www.ferramentaparide.it\\\/blog\\\/rivenditori-airtec-aria-compressa\\\/\"]}]},{\"@type\":\"ImageObject\",\"inLanguage\":\"it-IT\",\"@id\":\"https:\\\/\\\/www.ferramentaparide.it\\\/blog\\\/rivenditori-airtec-aria-compressa\\\/#primaryimage\",\"url\":\"https:\\\/\\\/www.ferramentaparide.it\\\/blog\\\/wp-content\\\/uploads\\\/2017\\\/10\\\/ferramenta-paride-rivenditori-airtec-utensili-pneumatici-a-treviso.jpg\",\"contentUrl\":\"https:\\\/\\\/www.ferramentaparide.it\\\/blog\\\/wp-content\\\/uploads\\\/2017\\\/10\\\/ferramenta-paride-rivenditori-airtec-utensili-pneumatici-a-treviso.jpg\",\"width\":640,\"height\":480,\"caption\":\"ferramenta-paride-rivenditori-airtec-utensili-pneumatici-a-treviso\"},{\"@type\":\"BreadcrumbList\",\"@id\":\"https:\\\/\\\/www.ferramentaparide.it\\\/blog\\\/rivenditori-airtec-aria-compressa\\\/#breadcrumb\",\"itemListElement\":[{\"@type\":\"ListItem\",\"position\":1,\"name\":\"Home\",\"item\":\"https:\\\/\\\/www.ferramentaparide.it\\\/blog\\\/\"},{\"@type\":\"ListItem\",\"position\":2,\"name\":\"RIVENDITORI AIRTEC ARIA COMPRESSA\"}]},{\"@type\":\"WebSite\",\"@id\":\"https:\\\/\\\/www.ferramentaparide.it\\\/blog\\\/#website\",\"url\":\"https:\\\/\\\/www.ferramentaparide.it\\\/blog\\\/\",\"name\":\"Ferramenta Paride\",\"description\":\"Il Servizio per il Professionista\",\"publisher\":{\"@id\":\"https:\\\/\\\/www.ferramentaparide.it\\\/blog\\\/#organization\"},\"potentialAction\":[{\"@type\":\"SearchAction\",\"target\":{\"@type\":\"EntryPoint\",\"urlTemplate\":\"https:\\\/\\\/www.ferramentaparide.it\\\/blog\\\/?s={search_term_string}\"},\"query-input\":{\"@type\":\"PropertyValueSpecification\",\"valueRequired\":true,\"valueName\":\"search_term_string\"}}],\"inLanguage\":\"it-IT\"},{\"@type\":\"Organization\",\"@id\":\"https:\\\/\\\/www.ferramentaparide.it\\\/blog\\\/#organization\",\"name\":\"Ferramenta Paride\",\"url\":\"https:\\\/\\\/www.ferramentaparide.it\\\/blog\\\/\",\"logo\":{\"@type\":\"ImageObject\",\"inLanguage\":\"it-IT\",\"@id\":\"https:\\\/\\\/www.ferramentaparide.it\\\/blog\\\/#\\\/schema\\\/logo\\\/image\\\/\",\"url\":\"https:\\\/\\\/www.ferramentaparide.it\\\/blog\\\/wp-content\\\/uploads\\\/2023\\\/11\\\/Logo_Ferramenta_Paride_20180225.webp\",\"contentUrl\":\"https:\\\/\\\/www.ferramentaparide.it\\\/blog\\\/wp-content\\\/uploads\\\/2023\\\/11\\\/Logo_Ferramenta_Paride_20180225.webp\",\"width\":167,\"height\":25,\"caption\":\"Ferramenta Paride\"},\"image\":{\"@id\":\"https:\\\/\\\/www.ferramentaparide.it\\\/blog\\\/#\\\/schema\\\/logo\\\/image\\\/\"}},{\"@type\":\"Person\",\"@id\":\"https:\\\/\\\/www.ferramentaparide.it\\\/blog\\\/#\\\/schema\\\/person\\\/c4b5d43ff223cadd8241221ebf22ba59\",\"name\":\"Amministratore\",\"image\":{\"@type\":\"ImageObject\",\"inLanguage\":\"it-IT\",\"@id\":\"https:\\\/\\\/secure.gravatar.com\\\/avatar\\\/65250d644d0b69af20450314cf24e17fd4d93e49e6bcee3a036c2cef1b1c6439?s=96&d=mm&r=g\",\"url\":\"https:\\\/\\\/secure.gravatar.com\\\/avatar\\\/65250d644d0b69af20450314cf24e17fd4d93e49e6bcee3a036c2cef1b1c6439?s=96&d=mm&r=g\",\"contentUrl\":\"https:\\\/\\\/secure.gravatar.com\\\/avatar\\\/65250d644d0b69af20450314cf24e17fd4d93e49e6bcee3a036c2cef1b1c6439?s=96&d=mm&r=g\",\"caption\":\"Amministratore\"},\"url\":\"https:\\\/\\\/www.ferramentaparide.it\\\/blog\\\/author\\\/ferramenta_admin_001\\\/\"}]}<\/script>\n<!-- \/ Yoast SEO plugin. -->","yoast_head_json":{"title":"[2026] Rivenditori AIRTEC Aria Compressa | Paride S.r.l.","description":"Paride | Ferramenta Srl a Vascon di Carbonera \u00e8 tra i rivenditori AIRTEC aria compressa a Treviso e provincia. Utensili pneumatici online >","robots":{"index":"index","follow":"follow","max-snippet":"max-snippet:-1","max-image-preview":"max-image-preview:large","max-video-preview":"max-video-preview:-1"},"canonical":"https:\/\/www.ferramentaparide.it\/blog\/rivenditori-airtec-aria-compressa\/","og_locale":"it_IT","og_type":"article","og_title":"[2026] Rivenditori AIRTEC Aria Compressa | Paride S.r.l.","og_description":"Paride | Ferramenta Srl a Vascon di Carbonera \u00e8 tra i rivenditori AIRTEC aria compressa a Treviso e provincia. Utensili pneumatici online >","og_url":"https:\/\/www.ferramentaparide.it\/blog\/rivenditori-airtec-aria-compressa\/","og_site_name":"Ferramenta Paride","article_published_time":"2017-10-18T19:02:47+00:00","article_modified_time":"2025-12-17T08:10:27+00:00","og_image":[{"width":640,"height":480,"url":"https:\/\/www.ferramentaparide.it\/blog\/wp-content\/uploads\/2017\/10\/ferramenta-paride-rivenditori-airtec-utensili-pneumatici-a-treviso.jpg","type":"image\/jpeg"}],"author":"Amministratore","twitter_card":"summary_large_image","twitter_misc":{"Scritto da":"Amministratore","Tempo di lettura stimato":"3 minuti"},"schema":{"@context":"https:\/\/schema.org","@graph":[{"@type":"Article","@id":"https:\/\/www.ferramentaparide.it\/blog\/rivenditori-airtec-aria-compressa\/#article","isPartOf":{"@id":"https:\/\/www.ferramentaparide.it\/blog\/rivenditori-airtec-aria-compressa\/"},"author":{"name":"Amministratore","@id":"https:\/\/www.ferramentaparide.it\/blog\/#\/schema\/person\/c4b5d43ff223cadd8241221ebf22ba59"},"headline":"RIVENDITORI AIRTEC ARIA COMPRESSA","datePublished":"2017-10-18T19:02:47+00:00","dateModified":"2025-12-17T08:10:27+00:00","mainEntityOfPage":{"@id":"https:\/\/www.ferramentaparide.it\/blog\/rivenditori-airtec-aria-compressa\/"},"wordCount":303,"commentCount":0,"publisher":{"@id":"https:\/\/www.ferramentaparide.it\/blog\/#organization"},"image":{"@id":"https:\/\/www.ferramentaparide.it\/blog\/rivenditori-airtec-aria-compressa\/#primaryimage"},"thumbnailUrl":"https:\/\/www.ferramentaparide.it\/blog\/wp-content\/uploads\/2017\/10\/ferramenta-paride-rivenditori-airtec-utensili-pneumatici-a-treviso.jpg","keywords":["AIRTEC","ARIA COMPRESSA","AVVITATORE","AVVITATORI","CATALOGO","PNEUMATICI","PNEUMATICO","RACCORDI","RACCORDO","RIVENDITORE","RIVENDITORI","RIVENDITORI AIRTEC ARIA COMPRESSA","RIVENDITORI AIRTEC UTENSILI PNEUMATICI","TREVISO","UTENSILE","UTENSILI"],"articleSection":["RIVENDITORE AUTORIZZATO CENTRO ASSISTENZA A TREVISO"],"inLanguage":"it-IT","potentialAction":[{"@type":"CommentAction","name":"Comment","target":["https:\/\/www.ferramentaparide.it\/blog\/rivenditori-airtec-aria-compressa\/#respond"]}]},{"@type":"WebPage","@id":"https:\/\/www.ferramentaparide.it\/blog\/rivenditori-airtec-aria-compressa\/","url":"https:\/\/www.ferramentaparide.it\/blog\/rivenditori-airtec-aria-compressa\/","name":"[2026] Rivenditori AIRTEC Aria Compressa | Paride S.r.l.","isPartOf":{"@id":"https:\/\/www.ferramentaparide.it\/blog\/#website"},"primaryImageOfPage":{"@id":"https:\/\/www.ferramentaparide.it\/blog\/rivenditori-airtec-aria-compressa\/#primaryimage"},"image":{"@id":"https:\/\/www.ferramentaparide.it\/blog\/rivenditori-airtec-aria-compressa\/#primaryimage"},"thumbnailUrl":"https:\/\/www.ferramentaparide.it\/blog\/wp-content\/uploads\/2017\/10\/ferramenta-paride-rivenditori-airtec-utensili-pneumatici-a-treviso.jpg","datePublished":"2017-10-18T19:02:47+00:00","dateModified":"2025-12-17T08:10:27+00:00","description":"Paride | Ferramenta Srl a Vascon di Carbonera \u00e8 tra i rivenditori AIRTEC aria compressa a Treviso e provincia. Utensili pneumatici online >","breadcrumb":{"@id":"https:\/\/www.ferramentaparide.it\/blog\/rivenditori-airtec-aria-compressa\/#breadcrumb"},"inLanguage":"it-IT","potentialAction":[{"@type":"ReadAction","target":["https:\/\/www.ferramentaparide.it\/blog\/rivenditori-airtec-aria-compressa\/"]}]},{"@type":"ImageObject","inLanguage":"it-IT","@id":"https:\/\/www.ferramentaparide.it\/blog\/rivenditori-airtec-aria-compressa\/#primaryimage","url":"https:\/\/www.ferramentaparide.it\/blog\/wp-content\/uploads\/2017\/10\/ferramenta-paride-rivenditori-airtec-utensili-pneumatici-a-treviso.jpg","contentUrl":"https:\/\/www.ferramentaparide.it\/blog\/wp-content\/uploads\/2017\/10\/ferramenta-paride-rivenditori-airtec-utensili-pneumatici-a-treviso.jpg","width":640,"height":480,"caption":"ferramenta-paride-rivenditori-airtec-utensili-pneumatici-a-treviso"},{"@type":"BreadcrumbList","@id":"https:\/\/www.ferramentaparide.it\/blog\/rivenditori-airtec-aria-compressa\/#breadcrumb","itemListElement":[{"@type":"ListItem","position":1,"name":"Home","item":"https:\/\/www.ferramentaparide.it\/blog\/"},{"@type":"ListItem","position":2,"name":"RIVENDITORI AIRTEC ARIA COMPRESSA"}]},{"@type":"WebSite","@id":"https:\/\/www.ferramentaparide.it\/blog\/#website","url":"https:\/\/www.ferramentaparide.it\/blog\/","name":"Ferramenta Paride","description":"Il Servizio per il Professionista","publisher":{"@id":"https:\/\/www.ferramentaparide.it\/blog\/#organization"},"potentialAction":[{"@type":"SearchAction","target":{"@type":"EntryPoint","urlTemplate":"https:\/\/www.ferramentaparide.it\/blog\/?s={search_term_string}"},"query-input":{"@type":"PropertyValueSpecification","valueRequired":true,"valueName":"search_term_string"}}],"inLanguage":"it-IT"},{"@type":"Organization","@id":"https:\/\/www.ferramentaparide.it\/blog\/#organization","name":"Ferramenta Paride","url":"https:\/\/www.ferramentaparide.it\/blog\/","logo":{"@type":"ImageObject","inLanguage":"it-IT","@id":"https:\/\/www.ferramentaparide.it\/blog\/#\/schema\/logo\/image\/","url":"https:\/\/www.ferramentaparide.it\/blog\/wp-content\/uploads\/2023\/11\/Logo_Ferramenta_Paride_20180225.webp","contentUrl":"https:\/\/www.ferramentaparide.it\/blog\/wp-content\/uploads\/2023\/11\/Logo_Ferramenta_Paride_20180225.webp","width":167,"height":25,"caption":"Ferramenta Paride"},"image":{"@id":"https:\/\/www.ferramentaparide.it\/blog\/#\/schema\/logo\/image\/"}},{"@type":"Person","@id":"https:\/\/www.ferramentaparide.it\/blog\/#\/schema\/person\/c4b5d43ff223cadd8241221ebf22ba59","name":"Amministratore","image":{"@type":"ImageObject","inLanguage":"it-IT","@id":"https:\/\/secure.gravatar.com\/avatar\/65250d644d0b69af20450314cf24e17fd4d93e49e6bcee3a036c2cef1b1c6439?s=96&d=mm&r=g","url":"https:\/\/secure.gravatar.com\/avatar\/65250d644d0b69af20450314cf24e17fd4d93e49e6bcee3a036c2cef1b1c6439?s=96&d=mm&r=g","contentUrl":"https:\/\/secure.gravatar.com\/avatar\/65250d644d0b69af20450314cf24e17fd4d93e49e6bcee3a036c2cef1b1c6439?s=96&d=mm&r=g","caption":"Amministratore"},"url":"https:\/\/www.ferramentaparide.it\/blog\/author\/ferramenta_admin_001\/"}]}},"_links":{"self":[{"href":"https:\/\/www.ferramentaparide.it\/blog\/wp-json\/wp\/v2\/posts\/214","targetHints":{"allow":["GET"]}}],"collection":[{"href":"https:\/\/www.ferramentaparide.it\/blog\/wp-json\/wp\/v2\/posts"}],"about":[{"href":"https:\/\/www.ferramentaparide.it\/blog\/wp-json\/wp\/v2\/types\/post"}],"author":[{"embeddable":true,"href":"https:\/\/www.ferramentaparide.it\/blog\/wp-json\/wp\/v2\/users\/2"}],"replies":[{"embeddable":true,"href":"https:\/\/www.ferramentaparide.it\/blog\/wp-json\/wp\/v2\/comments?post=214"}],"version-history":[{"count":2,"href":"https:\/\/www.ferramentaparide.it\/blog\/wp-json\/wp\/v2\/posts\/214\/revisions"}],"predecessor-version":[{"id":8772,"href":"https:\/\/www.ferramentaparide.it\/blog\/wp-json\/wp\/v2\/posts\/214\/revisions\/8772"}],"wp:featuredmedia":[{"embeddable":true,"href":"https:\/\/www.ferramentaparide.it\/blog\/wp-json\/wp\/v2\/media\/8771"}],"wp:attachment":[{"href":"https:\/\/www.ferramentaparide.it\/blog\/wp-json\/wp\/v2\/media?parent=214"}],"wp:term":[{"taxonomy":"category","embeddable":true,"href":"https:\/\/www.ferramentaparide.it\/blog\/wp-json\/wp\/v2\/categories?post=214"},{"taxonomy":"post_tag","embeddable":true,"href":"https:\/\/www.ferramentaparide.it\/blog\/wp-json\/wp\/v2\/tags?post=214"}],"curies":[{"name":"wp","href":"https:\/\/api.w.org\/{rel}","templated":true}]}}