{"id":10232,"date":"2025-07-21T08:55:50","date_gmt":"2025-07-21T06:55:50","guid":{"rendered":"https:\/\/www.ferramentaparide.it\/blog\/?p=10232"},"modified":"2025-12-17T10:54:27","modified_gmt":"2025-12-17T09:54:27","slug":"rivenditori-verum-italy-maniglie","status":"publish","type":"post","link":"https:\/\/www.ferramentaparide.it\/blog\/rivenditori-verum-italy-maniglie\/","title":{"rendered":"RIVENDITORI VERUM ITALY MANIGLIE PER PORTE E FINESTRE"},"content":{"rendered":"\n<h2 class=\"wp-block-heading has-text-align-center\">Paride S.r.l. | Ferramenta a Vascon di Carbonera \u00e8 tra i rivenditori maniglie VERUM ITALY per porte e finestre a Treviso e provincia Online.<\/h2>\n\n\n\n<div style=\"height:100px\" aria-hidden=\"true\" class=\"wp-block-spacer\"><\/div>\n\n\n\n<h2 class=\"wp-block-heading has-text-align-center\">Distributore ufficiale VERUM ITALY a Treviso e online<\/h2>\n\n\n\n<div style=\"height:100px\" aria-hidden=\"true\" class=\"wp-block-spacer\"><\/div>\n\n\n\n<h3 class=\"wp-block-heading has-text-align-center\">Rivenditori VERUM ITALY maniglie  per porte e finestre in Italia e online \u2013 Distributore ufficiale VERUM ITALY a Treviso e online<\/h3>\n\n\n\n<div style=\"height:100px\" aria-hidden=\"true\" class=\"wp-block-spacer\"><\/div>\n\n\n\n<p><strong>Paride S.r.l.<\/strong> <strong>| Ferramenta<\/strong>, tra i punti vendita e rivenditori\u00a0<strong>maniglie\u00a0Verum Italy<\/strong> per porte e finestre a Treviso e provincia e online, presenta un vasto assortimento ed esposizione di maniglie per porte, portoncini e serramenti <strong><a href=\"https:\/\/www.verumitaly.com\/\">Verum Italy<\/a><\/strong>.<\/p>\n\n\n\n<div style=\"height:100px\" aria-hidden=\"true\" class=\"wp-block-spacer\"><\/div>\n\n\n<div class=\"wp-block-image\">\n<figure class=\"aligncenter size-full\"><a href=\"https:\/\/www.ferramentaparide.it\/rivenditore-verum-italy-a-treviso\"><img fetchpriority=\"high\" decoding=\"async\" width=\"400\" height=\"400\" src=\"https:\/\/www.ferramentaparide.it\/blog\/wp-content\/uploads\/2025\/07\/rivenditore-distributore-ufficiale-verum-italy-maniglie-a-treviso-e-online.jpg\" alt=\"rivenditore-distributore-ufficiale-verum-italy-maniglie-a-treviso-e-online\" class=\"wp-image-10234\" srcset=\"https:\/\/www.ferramentaparide.it\/blog\/wp-content\/uploads\/2025\/07\/rivenditore-distributore-ufficiale-verum-italy-maniglie-a-treviso-e-online.jpg 400w, https:\/\/www.ferramentaparide.it\/blog\/wp-content\/uploads\/2025\/07\/rivenditore-distributore-ufficiale-verum-italy-maniglie-a-treviso-e-online-300x300.jpg 300w, https:\/\/www.ferramentaparide.it\/blog\/wp-content\/uploads\/2025\/07\/rivenditore-distributore-ufficiale-verum-italy-maniglie-a-treviso-e-online-150x150.jpg 150w\" sizes=\"(max-width: 400px) 100vw, 400px\" \/><\/a><\/figure>\n<\/div>\n\n\n<div style=\"height:100px\" aria-hidden=\"true\" class=\"wp-block-spacer\"><\/div>\n\n\n\n<p>Molti articoli sono disponibili in pronta consegna e tutti i prodotti del catalogo&nbsp;<strong>Verum Italy<\/strong>&nbsp;possono essere ordinati e&nbsp;<a href=\"http:\/\/www.ferramentaparide.it\/treviso-costi-e-spedizioni\"><strong>consegnati<\/strong><\/a>&nbsp;in breve tempo.<\/p>\n\n\n\n<div style=\"height:100px\" aria-hidden=\"true\" class=\"wp-block-spacer\"><\/div>\n\n\n\n<p>Per esempio puoi trovare maniglie delle serie <strong>Nuda,<\/strong> <strong>Snapp <\/strong>e <strong>Classy<\/strong> per porte e finestre, maniglie ad incasso per porte scorrevoli e soluzioni per alzanti scorrevoli.<\/p>\n\n\n\n<div style=\"height:100px\" aria-hidden=\"true\" class=\"wp-block-spacer\"><\/div>\n\n\n<div class=\"wp-block-image\">\n<figure class=\"aligncenter size-full\"><img decoding=\"async\" width=\"480\" height=\"640\" src=\"https:\/\/www.ferramentaparide.it\/blog\/wp-content\/uploads\/2025\/07\/verum-italy-lift-and-slide-square.jpg\" alt=\"verum-italy-lift-and-slide-square\" class=\"wp-image-10238\" srcset=\"https:\/\/www.ferramentaparide.it\/blog\/wp-content\/uploads\/2025\/07\/verum-italy-lift-and-slide-square.jpg 480w, https:\/\/www.ferramentaparide.it\/blog\/wp-content\/uploads\/2025\/07\/verum-italy-lift-and-slide-square-225x300.jpg 225w\" sizes=\"(max-width: 480px) 100vw, 480px\" \/><\/figure>\n<\/div>\n\n\n<div style=\"height:100px\" aria-hidden=\"true\" class=\"wp-block-spacer\"><\/div>\n\n\n\n<p>Se vuoi saperne di pi\u00f9 su tutti i prodotti\u00a0<strong>Verum Italy<\/strong>, nell\u2019<a href=\"http:\/\/www.ferramentaparide.it\/index.php?route=product\/search&amp;search=verum\"><strong>e-Commerce<\/strong><\/a> di Paride S.r.l. puoi trovarne alcuni.<\/p>\n\n\n\n<div style=\"height:100px\" aria-hidden=\"true\" class=\"wp-block-spacer\"><\/div>\n\n\n\n<p>Altrimenti\u00a0<a href=\"http:\/\/www.ferramentaparide.it\/index.php?route=information\/contact\"><strong>vieni a trovarci<\/strong><\/a>\u00a0presso il punto vendita per curiosare nel reparto espositivo di maniglie per porte e finestre DK in diverse finiture, come le nuove Sahara Gold, Grigio Moon, Etna Black di\u00a0<strong>Verum Italy<\/strong>.<\/p>\n\n\n\n<div style=\"height:100px\" aria-hidden=\"true\" class=\"wp-block-spacer\"><\/div>\n\n\n<div class=\"wp-block-image\">\n<figure class=\"aligncenter\"><a href=\"http:\/\/www.ferramentaparide.it\/\"><img decoding=\"async\" width=\"820\" height=\"315\" src=\"https:\/\/www.ferramentaparide.it\/blog\/wp-content\/uploads\/2020\/08\/immagine-copertina-fb.jpg\" alt=\"immagine-copertina-fb\" class=\"wp-image-2337\"\/><\/a><\/figure>\n<\/div>\n\n\n<div style=\"height:100px\" aria-hidden=\"true\" class=\"wp-block-spacer\"><\/div>\n\n\n\n<h3 class=\"wp-block-heading\">L&#8217;azienda in pillole<\/h3>\n\n\n\n<div style=\"height:100px\" aria-hidden=\"true\" class=\"wp-block-spacer\"><\/div>\n\n\n\n<p><strong><a href=\"https:\/\/www.paridepro.com\/verum-italy-handle-dealers-official-reseller\/\">Verum Italy Srl<\/a><\/strong> nasce nel 2012 a Cabiate, nel cuore della Brianza, dall\u2019intuizione di Umberto Vergani.<\/p>\n\n\n\n<div style=\"height:100px\" aria-hidden=\"true\" class=\"wp-block-spacer\"><\/div>\n\n\n\n<p>L\u2019azienda si distingue per la produzione di maniglie dal design ricercato e per soluzioni tecniche innovative che puntano all\u2019essenzialit\u00e0, eliminando elementi superflui come la rosetta, pur mantenendo una forte identit\u00e0 estetica. <\/p>\n\n\n\n<div style=\"height:100px\" aria-hidden=\"true\" class=\"wp-block-spacer\"><\/div>\n\n\n\n<p>Ogni prodotto nasce dalla volont\u00e0 di proporre qualcosa di nuovo, senza inseguire le mode, ma anticipando le esigenze di un pubblico attento al dettaglio e alla qualit\u00e0.<\/p>\n\n\n\n<div style=\"height:100px\" aria-hidden=\"true\" class=\"wp-block-spacer\"><\/div>\n\n\n\n<p>La filosofia aziendale si fonda su passione e ricerca: l\u2019obiettivo \u00e8 <strong>offrire articoli accessibili ma tecnologicamente avanzati<\/strong>, frutto di brevetti e collaborazioni con realt\u00e0 creative. <\/p>\n\n\n\n<div style=\"height:100px\" aria-hidden=\"true\" class=\"wp-block-spacer\"><\/div>\n\n\n\n<figure class=\"wp-block-gallery has-nested-images columns-default is-cropped wp-block-gallery-1 is-layout-flex wp-block-gallery-is-layout-flex\">\n<figure class=\"wp-block-image size-full\"><img loading=\"lazy\" decoding=\"async\" width=\"640\" height=\"480\" data-id=\"10237\" src=\"https:\/\/www.ferramentaparide.it\/blog\/wp-content\/uploads\/2025\/07\/verum-italy-nuda-pure-sahara-gold.jpg\" alt=\"verum-italy-nuda-pure-sahara-gold\" class=\"wp-image-10237\" srcset=\"https:\/\/www.ferramentaparide.it\/blog\/wp-content\/uploads\/2025\/07\/verum-italy-nuda-pure-sahara-gold.jpg 640w, https:\/\/www.ferramentaparide.it\/blog\/wp-content\/uploads\/2025\/07\/verum-italy-nuda-pure-sahara-gold-300x225.jpg 300w\" sizes=\"(max-width: 640px) 100vw, 640px\" \/><\/figure>\n\n\n\n<figure class=\"wp-block-image size-full\"><img loading=\"lazy\" decoding=\"async\" width=\"640\" height=\"480\" data-id=\"10236\" src=\"https:\/\/www.ferramentaparide.it\/blog\/wp-content\/uploads\/2025\/07\/verum-italy-nuda-pure-moon-grey.jpg\" alt=\"verum-italy-nuda-pure-moon-grey\" class=\"wp-image-10236\" srcset=\"https:\/\/www.ferramentaparide.it\/blog\/wp-content\/uploads\/2025\/07\/verum-italy-nuda-pure-moon-grey.jpg 640w, https:\/\/www.ferramentaparide.it\/blog\/wp-content\/uploads\/2025\/07\/verum-italy-nuda-pure-moon-grey-300x225.jpg 300w\" sizes=\"(max-width: 640px) 100vw, 640px\" \/><\/figure>\n\n\n\n<figure class=\"wp-block-image size-full\"><img loading=\"lazy\" decoding=\"async\" width=\"640\" height=\"480\" data-id=\"10235\" src=\"https:\/\/www.ferramentaparide.it\/blog\/wp-content\/uploads\/2025\/07\/verum-italy-nuda-pure-etan-black.jpg\" alt=\"verum-italy-nuda-pure-etna-black\" class=\"wp-image-10235\" srcset=\"https:\/\/www.ferramentaparide.it\/blog\/wp-content\/uploads\/2025\/07\/verum-italy-nuda-pure-etan-black.jpg 640w, https:\/\/www.ferramentaparide.it\/blog\/wp-content\/uploads\/2025\/07\/verum-italy-nuda-pure-etan-black-300x225.jpg 300w\" sizes=\"(max-width: 640px) 100vw, 640px\" \/><\/figure>\n<\/figure>\n\n\n\n<div style=\"height:100px\" aria-hidden=\"true\" class=\"wp-block-spacer\"><\/div>\n\n\n\n<p>Grazie a una struttura snella e a una produzione flessibile,<strong> Verum<\/strong> riesce ad adattarsi velocemente alle richieste del mercato e a sviluppare soluzioni personalizzate per ambienti residenziali e contract.<\/p>\n\n\n\n<div style=\"height:100px\" aria-hidden=\"true\" class=\"wp-block-spacer\"><\/div>\n\n\n\n<p><strong>Verum<\/strong> non \u00e8 solo un produttore di ferramenta: \u00e8 un acceleratore di idee, capace di trasformare intuizioni in esperienze concrete per l\u2019abitare contemporaneo.<\/p>\n\n\n\n<div style=\"height:100px\" aria-hidden=\"true\" class=\"wp-block-spacer\"><\/div>\n\n\n\n<p>Il motto di Verum \u00e8:<\/p>\n\n\n\n<div style=\"height:30px\" aria-hidden=\"true\" class=\"wp-block-spacer\"><\/div>\n\n\n\n<p class=\"has-text-align-center has-vivid-cyan-blue-background-color has-background\"><em>Non ci limitiamo a produrre maniglie, ne curiamo ogni aspetto, dalla ideazione fino alla finitura. Siamo orgogliosi di rappresentare il Made in Italy<\/em><\/p>\n\n\n\n<div style=\"height:100px\" aria-hidden=\"true\" class=\"wp-block-spacer\"><\/div>\n\n\n<div class=\"wp-block-image\">\n<figure class=\"aligncenter size-full\"><a href=\"https:\/\/www.ferramentaparide.it\/rivenditore-verum-italy-a-treviso\"><img loading=\"lazy\" decoding=\"async\" width=\"640\" height=\"480\" src=\"https:\/\/www.ferramentaparide.it\/blog\/wp-content\/uploads\/2025\/07\/verum-italy-handle-dealers.jpg\" alt=\"verum-italy-handle-dealers\" class=\"wp-image-10239\" srcset=\"https:\/\/www.ferramentaparide.it\/blog\/wp-content\/uploads\/2025\/07\/verum-italy-handle-dealers.jpg 640w, https:\/\/www.ferramentaparide.it\/blog\/wp-content\/uploads\/2025\/07\/verum-italy-handle-dealers-300x225.jpg 300w\" sizes=\"(max-width: 640px) 100vw, 640px\" \/><\/a><\/figure>\n<\/div>\n\n\n<div style=\"height:100px\" aria-hidden=\"true\" class=\"wp-block-spacer\"><\/div>\n\n\n\n<p><a href=\"https:\/\/www.ferramentaparide.it\/blog\/ferramenta-paride-treviso-chi-siamo\/\"><strong>Paride S.r.l.<\/strong><\/a>\u00a0\u00e8 partner e rivenditore autorizzato\u00a0<strong>Verum Italy<\/strong> maniglie\u00a0a Treviso da molti anni:\u00a0<strong>Verum Italy<\/strong>\u00a0\u00e8 sinonimo di qualit\u00e0 e affidabilit\u00e0 per il professionista e per il privato.<\/p>\n\n\n\n<div style=\"height:100px\" aria-hidden=\"true\" class=\"wp-block-spacer\"><\/div>\n\n\n\n<p>Tutti gli altri marchi di <strong>Paride<\/strong> sono a&nbsp;<a href=\"https:\/\/www.ferramentaparide.it\/blog\/category\/rivenditore-autorizzato-centro-assistenza-a-treviso\/\"><strong>questo link<\/strong><\/a>.<\/p>\n\n\n\n<div style=\"height:100px\" aria-hidden=\"true\" class=\"wp-block-spacer\"><\/div>\n\n\n\n<h2 class=\"wp-block-heading\">Contattaci per informazioni<\/h2>\n\n\n\n<div style=\"height:100px\" aria-hidden=\"true\" class=\"wp-block-spacer\"><\/div>\n\n\n\n<p>Necessiti di informazioni per la disponibilit\u00e0 di maniglie&nbsp;<strong>Verum Italy<\/strong>&nbsp;per porte e finestre?<\/p>\n\n\n\n<div style=\"height:100px\" aria-hidden=\"true\" class=\"wp-block-spacer\"><\/div>\n\n\n\n<p>Chiedi di parlare con un nostro tecnico specializzato oppure invia la tua richiesta di preventivo alla mail che trovi nella sezione&nbsp;<a href=\"http:\/\/www.ferramentaparide.it\/index.php?route=information\/contact\"><strong>contatti<\/strong><\/a>.<\/p>\n\n\n\n<div style=\"height:100px\" aria-hidden=\"true\" class=\"wp-block-spacer\"><\/div>\n\n\n\n<div class=\"wp-block-buttons is-content-justification-center is-layout-flex wp-container-core-buttons-is-layout-16018d1d wp-block-buttons-is-layout-flex\">\n<div class=\"wp-block-button\"><a class=\"wp-block-button__link has-background has-text-align-center wp-element-button\" href=\"https:\/\/www.ferramentaparide.it\/index.php?route=information\/contact\" style=\"background-color:#0d91d7\">Contattaci per informazioni<\/a><\/div>\n<\/div>\n\n\n\n<div style=\"height:100px\" aria-hidden=\"true\" class=\"wp-block-spacer\"><\/div>\n\n\n\n<p>Vuoi far sapere ai tuoi amici che <strong><strong>Paride S.r.l. | Ferramenta<\/strong><\/strong> \u00e8 tra i rivenditori&nbsp;<strong>VERUM ITALY maniglie per porte e finestre <\/strong>a Treviso e provincia e online?<\/p>\n\n\n\n<div style=\"height:100px\" aria-hidden=\"true\" class=\"wp-block-spacer\"><\/div>\n\n\n\n<p>Allora condividi questa pagina nei&nbsp;<a href=\"https:\/\/www.facebook.com\/ferramentaparide?ref=hl\"><strong>social<\/strong><\/a>!<\/p>\n\n\n\n<div style=\"height:100px\" aria-hidden=\"true\" class=\"wp-block-spacer\"><\/div>\n","protected":false},"excerpt":{"rendered":"<p>Paride S.r.l. | Ferramenta a Vascon di Carbonera \u00e8 tra i rivenditori maniglie VERUM ITALY per porte e finestre a Treviso e provincia Online. Distributore ufficiale VERUM ITALY a Treviso e online Rivenditori VERUM ITALY maniglie per porte e finestre in Italia e online \u2013 Distributore ufficiale VERUM ITALY a Treviso e online Paride S.r.l.&hellip;<\/p>\n","protected":false},"author":2,"featured_media":10241,"comment_status":"open","ping_status":"open","sticky":false,"template":"","format":"standard","meta":{"footnotes":""},"categories":[17],"tags":[725,268,2462,2464,2463,2467,2468,18,2469,2465,2466,19,2470,405,2460,2461],"class_list":["post-10232","post","type-post","status-publish","format-standard","has-post-thumbnail","hentry","category-rivenditore-autorizzato-centro-assistenza-a-treviso","tag-cataloghi","tag-catalogo","tag-maniglia-nuda-verum","tag-maniglia-nuda-verum-online","tag-maniglia-snapp-verum","tag-maniglia-verum-nuda-online","tag-maniglia-verum-snapp-online","tag-rivenditore","tag-rivenditore-verum","tag-rivenditore-verum-maniglie","tag-rivenditore-verum-maniglie-online","tag-rivenditori","tag-rivenditori-verum","tag-treviso-e-provincia","tag-verum-italy","tag-verum-nuda-a-treviso","category-17","description-off"],"yoast_head":"<!-- This site is optimized with the Yoast SEO plugin v27.5 - https:\/\/yoast.com\/product\/yoast-seo-wordpress\/ -->\n<title>[2026] Rivenditori VERUM ITALY maniglie per porte e finestre<\/title>\n<meta name=\"description\" content=\"Rivenditore Verum Italy maniglie porte finestre senza rosetta | Nuda Snapp Classy | 100% Made in Italy | Spedizioni 24h | Catalogo Online &gt;\" \/>\n<meta name=\"robots\" content=\"index, follow, max-snippet:-1, max-image-preview:large, max-video-preview:-1\" \/>\n<link rel=\"canonical\" href=\"https:\/\/www.ferramentaparide.it\/blog\/rivenditori-verum-italy-maniglie\/\" \/>\n<meta property=\"og:locale\" content=\"it_IT\" \/>\n<meta property=\"og:type\" content=\"article\" \/>\n<meta property=\"og:title\" content=\"[2026] Rivenditori VERUM ITALY maniglie per porte e finestre\" \/>\n<meta property=\"og:description\" content=\"Rivenditore Verum Italy maniglie porte finestre senza rosetta | Nuda Snapp Classy | 100% Made in Italy | Spedizioni 24h | Catalogo Online &gt;\" \/>\n<meta property=\"og:url\" content=\"https:\/\/www.ferramentaparide.it\/blog\/rivenditori-verum-italy-maniglie\/\" \/>\n<meta property=\"og:site_name\" content=\"Ferramenta Paride\" \/>\n<meta property=\"article:published_time\" content=\"2025-07-21T06:55:50+00:00\" \/>\n<meta property=\"article:modified_time\" content=\"2025-12-17T09:54:27+00:00\" \/>\n<meta property=\"og:image\" content=\"https:\/\/www.ferramentaparide.it\/blog\/wp-content\/uploads\/2025\/07\/ferramenta-paride-rivenditori-verum-italy-maniglie-a-treviso.jpg\" \/>\n\t<meta property=\"og:image:width\" content=\"640\" \/>\n\t<meta property=\"og:image:height\" content=\"480\" \/>\n\t<meta property=\"og:image:type\" content=\"image\/jpeg\" \/>\n<meta name=\"author\" content=\"Amministratore\" \/>\n<meta name=\"twitter:card\" content=\"summary_large_image\" \/>\n<meta name=\"twitter:label1\" content=\"Scritto da\" \/>\n\t<meta name=\"twitter:data1\" content=\"Amministratore\" \/>\n\t<meta name=\"twitter:label2\" content=\"Tempo di lettura stimato\" \/>\n\t<meta name=\"twitter:data2\" content=\"5 minuti\" \/>\n<script type=\"application\/ld+json\" class=\"yoast-schema-graph\">{\"@context\":\"https:\\\/\\\/schema.org\",\"@graph\":[{\"@type\":\"Article\",\"@id\":\"https:\\\/\\\/www.ferramentaparide.it\\\/blog\\\/rivenditori-verum-italy-maniglie\\\/#article\",\"isPartOf\":{\"@id\":\"https:\\\/\\\/www.ferramentaparide.it\\\/blog\\\/rivenditori-verum-italy-maniglie\\\/\"},\"author\":{\"name\":\"Amministratore\",\"@id\":\"https:\\\/\\\/www.ferramentaparide.it\\\/blog\\\/#\\\/schema\\\/person\\\/c4b5d43ff223cadd8241221ebf22ba59\"},\"headline\":\"RIVENDITORI VERUM ITALY MANIGLIE PER PORTE E FINESTRE\",\"datePublished\":\"2025-07-21T06:55:50+00:00\",\"dateModified\":\"2025-12-17T09:54:27+00:00\",\"mainEntityOfPage\":{\"@id\":\"https:\\\/\\\/www.ferramentaparide.it\\\/blog\\\/rivenditori-verum-italy-maniglie\\\/\"},\"wordCount\":513,\"commentCount\":0,\"publisher\":{\"@id\":\"https:\\\/\\\/www.ferramentaparide.it\\\/blog\\\/#organization\"},\"image\":{\"@id\":\"https:\\\/\\\/www.ferramentaparide.it\\\/blog\\\/rivenditori-verum-italy-maniglie\\\/#primaryimage\"},\"thumbnailUrl\":\"https:\\\/\\\/www.ferramentaparide.it\\\/blog\\\/wp-content\\\/uploads\\\/2025\\\/07\\\/ferramenta-paride-rivenditori-verum-italy-maniglie-a-treviso.jpg\",\"keywords\":[\"CATALOGHI\",\"CATALOGO\",\"MANIGLIA NUDA VERUM\",\"MANIGLIA NUDA VERUM ONLINE\",\"MANIGLIA SNAPP VERUM\",\"MANIGLIA VERUM NUDA ONLINE\",\"MANIGLIA VERUM SNAPP ONLINE\",\"RIVENDITORE\",\"RIVENDITORE VERUM\",\"RIVENDITORE VERUM MANIGLIE\",\"RIVENDITORE VERUM MANIGLIE ONLINE\",\"RIVENDITORI\",\"RIVENDITORI VERUM\",\"TREVISO E PROVINCIA\",\"VERUM ITALY\",\"VERUM NUDA A TREVISO\"],\"articleSection\":[\"RIVENDITORE AUTORIZZATO CENTRO ASSISTENZA A TREVISO\"],\"inLanguage\":\"it-IT\",\"potentialAction\":[{\"@type\":\"CommentAction\",\"name\":\"Comment\",\"target\":[\"https:\\\/\\\/www.ferramentaparide.it\\\/blog\\\/rivenditori-verum-italy-maniglie\\\/#respond\"]}]},{\"@type\":\"WebPage\",\"@id\":\"https:\\\/\\\/www.ferramentaparide.it\\\/blog\\\/rivenditori-verum-italy-maniglie\\\/\",\"url\":\"https:\\\/\\\/www.ferramentaparide.it\\\/blog\\\/rivenditori-verum-italy-maniglie\\\/\",\"name\":\"[2026] Rivenditori VERUM ITALY maniglie per porte e finestre\",\"isPartOf\":{\"@id\":\"https:\\\/\\\/www.ferramentaparide.it\\\/blog\\\/#website\"},\"primaryImageOfPage\":{\"@id\":\"https:\\\/\\\/www.ferramentaparide.it\\\/blog\\\/rivenditori-verum-italy-maniglie\\\/#primaryimage\"},\"image\":{\"@id\":\"https:\\\/\\\/www.ferramentaparide.it\\\/blog\\\/rivenditori-verum-italy-maniglie\\\/#primaryimage\"},\"thumbnailUrl\":\"https:\\\/\\\/www.ferramentaparide.it\\\/blog\\\/wp-content\\\/uploads\\\/2025\\\/07\\\/ferramenta-paride-rivenditori-verum-italy-maniglie-a-treviso.jpg\",\"datePublished\":\"2025-07-21T06:55:50+00:00\",\"dateModified\":\"2025-12-17T09:54:27+00:00\",\"description\":\"Rivenditore Verum Italy maniglie porte finestre senza rosetta | Nuda Snapp Classy | 100% Made in Italy | Spedizioni 24h | Catalogo Online >\",\"breadcrumb\":{\"@id\":\"https:\\\/\\\/www.ferramentaparide.it\\\/blog\\\/rivenditori-verum-italy-maniglie\\\/#breadcrumb\"},\"inLanguage\":\"it-IT\",\"potentialAction\":[{\"@type\":\"ReadAction\",\"target\":[\"https:\\\/\\\/www.ferramentaparide.it\\\/blog\\\/rivenditori-verum-italy-maniglie\\\/\"]}]},{\"@type\":\"ImageObject\",\"inLanguage\":\"it-IT\",\"@id\":\"https:\\\/\\\/www.ferramentaparide.it\\\/blog\\\/rivenditori-verum-italy-maniglie\\\/#primaryimage\",\"url\":\"https:\\\/\\\/www.ferramentaparide.it\\\/blog\\\/wp-content\\\/uploads\\\/2025\\\/07\\\/ferramenta-paride-rivenditori-verum-italy-maniglie-a-treviso.jpg\",\"contentUrl\":\"https:\\\/\\\/www.ferramentaparide.it\\\/blog\\\/wp-content\\\/uploads\\\/2025\\\/07\\\/ferramenta-paride-rivenditori-verum-italy-maniglie-a-treviso.jpg\",\"width\":640,\"height\":480,\"caption\":\"ferramenta-paride-rivenditori-verum-italy-maniglie-a-treviso\"},{\"@type\":\"BreadcrumbList\",\"@id\":\"https:\\\/\\\/www.ferramentaparide.it\\\/blog\\\/rivenditori-verum-italy-maniglie\\\/#breadcrumb\",\"itemListElement\":[{\"@type\":\"ListItem\",\"position\":1,\"name\":\"Home\",\"item\":\"https:\\\/\\\/www.ferramentaparide.it\\\/blog\\\/\"},{\"@type\":\"ListItem\",\"position\":2,\"name\":\"RIVENDITORI VERUM ITALY MANIGLIE PER PORTE E FINESTRE\"}]},{\"@type\":\"WebSite\",\"@id\":\"https:\\\/\\\/www.ferramentaparide.it\\\/blog\\\/#website\",\"url\":\"https:\\\/\\\/www.ferramentaparide.it\\\/blog\\\/\",\"name\":\"Ferramenta Paride\",\"description\":\"Il Servizio per il Professionista\",\"publisher\":{\"@id\":\"https:\\\/\\\/www.ferramentaparide.it\\\/blog\\\/#organization\"},\"potentialAction\":[{\"@type\":\"SearchAction\",\"target\":{\"@type\":\"EntryPoint\",\"urlTemplate\":\"https:\\\/\\\/www.ferramentaparide.it\\\/blog\\\/?s={search_term_string}\"},\"query-input\":{\"@type\":\"PropertyValueSpecification\",\"valueRequired\":true,\"valueName\":\"search_term_string\"}}],\"inLanguage\":\"it-IT\"},{\"@type\":\"Organization\",\"@id\":\"https:\\\/\\\/www.ferramentaparide.it\\\/blog\\\/#organization\",\"name\":\"Ferramenta Paride\",\"url\":\"https:\\\/\\\/www.ferramentaparide.it\\\/blog\\\/\",\"logo\":{\"@type\":\"ImageObject\",\"inLanguage\":\"it-IT\",\"@id\":\"https:\\\/\\\/www.ferramentaparide.it\\\/blog\\\/#\\\/schema\\\/logo\\\/image\\\/\",\"url\":\"https:\\\/\\\/www.ferramentaparide.it\\\/blog\\\/wp-content\\\/uploads\\\/2023\\\/11\\\/Logo_Ferramenta_Paride_20180225.webp\",\"contentUrl\":\"https:\\\/\\\/www.ferramentaparide.it\\\/blog\\\/wp-content\\\/uploads\\\/2023\\\/11\\\/Logo_Ferramenta_Paride_20180225.webp\",\"width\":167,\"height\":25,\"caption\":\"Ferramenta Paride\"},\"image\":{\"@id\":\"https:\\\/\\\/www.ferramentaparide.it\\\/blog\\\/#\\\/schema\\\/logo\\\/image\\\/\"}},{\"@type\":\"Person\",\"@id\":\"https:\\\/\\\/www.ferramentaparide.it\\\/blog\\\/#\\\/schema\\\/person\\\/c4b5d43ff223cadd8241221ebf22ba59\",\"name\":\"Amministratore\",\"image\":{\"@type\":\"ImageObject\",\"inLanguage\":\"it-IT\",\"@id\":\"https:\\\/\\\/secure.gravatar.com\\\/avatar\\\/65250d644d0b69af20450314cf24e17fd4d93e49e6bcee3a036c2cef1b1c6439?s=96&d=mm&r=g\",\"url\":\"https:\\\/\\\/secure.gravatar.com\\\/avatar\\\/65250d644d0b69af20450314cf24e17fd4d93e49e6bcee3a036c2cef1b1c6439?s=96&d=mm&r=g\",\"contentUrl\":\"https:\\\/\\\/secure.gravatar.com\\\/avatar\\\/65250d644d0b69af20450314cf24e17fd4d93e49e6bcee3a036c2cef1b1c6439?s=96&d=mm&r=g\",\"caption\":\"Amministratore\"},\"url\":\"https:\\\/\\\/www.ferramentaparide.it\\\/blog\\\/author\\\/ferramenta_admin_001\\\/\"}]}<\/script>\n<!-- \/ Yoast SEO plugin. -->","yoast_head_json":{"title":"[2026] Rivenditori VERUM ITALY maniglie per porte e finestre","description":"Rivenditore Verum Italy maniglie porte finestre senza rosetta | Nuda Snapp Classy | 100% Made in Italy | Spedizioni 24h | Catalogo Online >","robots":{"index":"index","follow":"follow","max-snippet":"max-snippet:-1","max-image-preview":"max-image-preview:large","max-video-preview":"max-video-preview:-1"},"canonical":"https:\/\/www.ferramentaparide.it\/blog\/rivenditori-verum-italy-maniglie\/","og_locale":"it_IT","og_type":"article","og_title":"[2026] Rivenditori VERUM ITALY maniglie per porte e finestre","og_description":"Rivenditore Verum Italy maniglie porte finestre senza rosetta | Nuda Snapp Classy | 100% Made in Italy | Spedizioni 24h | Catalogo Online >","og_url":"https:\/\/www.ferramentaparide.it\/blog\/rivenditori-verum-italy-maniglie\/","og_site_name":"Ferramenta Paride","article_published_time":"2025-07-21T06:55:50+00:00","article_modified_time":"2025-12-17T09:54:27+00:00","og_image":[{"width":640,"height":480,"url":"https:\/\/www.ferramentaparide.it\/blog\/wp-content\/uploads\/2025\/07\/ferramenta-paride-rivenditori-verum-italy-maniglie-a-treviso.jpg","type":"image\/jpeg"}],"author":"Amministratore","twitter_card":"summary_large_image","twitter_misc":{"Scritto da":"Amministratore","Tempo di lettura stimato":"5 minuti"},"schema":{"@context":"https:\/\/schema.org","@graph":[{"@type":"Article","@id":"https:\/\/www.ferramentaparide.it\/blog\/rivenditori-verum-italy-maniglie\/#article","isPartOf":{"@id":"https:\/\/www.ferramentaparide.it\/blog\/rivenditori-verum-italy-maniglie\/"},"author":{"name":"Amministratore","@id":"https:\/\/www.ferramentaparide.it\/blog\/#\/schema\/person\/c4b5d43ff223cadd8241221ebf22ba59"},"headline":"RIVENDITORI VERUM ITALY MANIGLIE PER PORTE E FINESTRE","datePublished":"2025-07-21T06:55:50+00:00","dateModified":"2025-12-17T09:54:27+00:00","mainEntityOfPage":{"@id":"https:\/\/www.ferramentaparide.it\/blog\/rivenditori-verum-italy-maniglie\/"},"wordCount":513,"commentCount":0,"publisher":{"@id":"https:\/\/www.ferramentaparide.it\/blog\/#organization"},"image":{"@id":"https:\/\/www.ferramentaparide.it\/blog\/rivenditori-verum-italy-maniglie\/#primaryimage"},"thumbnailUrl":"https:\/\/www.ferramentaparide.it\/blog\/wp-content\/uploads\/2025\/07\/ferramenta-paride-rivenditori-verum-italy-maniglie-a-treviso.jpg","keywords":["CATALOGHI","CATALOGO","MANIGLIA NUDA VERUM","MANIGLIA NUDA VERUM ONLINE","MANIGLIA SNAPP VERUM","MANIGLIA VERUM NUDA ONLINE","MANIGLIA VERUM SNAPP ONLINE","RIVENDITORE","RIVENDITORE VERUM","RIVENDITORE VERUM MANIGLIE","RIVENDITORE VERUM MANIGLIE ONLINE","RIVENDITORI","RIVENDITORI VERUM","TREVISO E PROVINCIA","VERUM ITALY","VERUM NUDA A TREVISO"],"articleSection":["RIVENDITORE AUTORIZZATO CENTRO ASSISTENZA A TREVISO"],"inLanguage":"it-IT","potentialAction":[{"@type":"CommentAction","name":"Comment","target":["https:\/\/www.ferramentaparide.it\/blog\/rivenditori-verum-italy-maniglie\/#respond"]}]},{"@type":"WebPage","@id":"https:\/\/www.ferramentaparide.it\/blog\/rivenditori-verum-italy-maniglie\/","url":"https:\/\/www.ferramentaparide.it\/blog\/rivenditori-verum-italy-maniglie\/","name":"[2026] Rivenditori VERUM ITALY maniglie per porte e finestre","isPartOf":{"@id":"https:\/\/www.ferramentaparide.it\/blog\/#website"},"primaryImageOfPage":{"@id":"https:\/\/www.ferramentaparide.it\/blog\/rivenditori-verum-italy-maniglie\/#primaryimage"},"image":{"@id":"https:\/\/www.ferramentaparide.it\/blog\/rivenditori-verum-italy-maniglie\/#primaryimage"},"thumbnailUrl":"https:\/\/www.ferramentaparide.it\/blog\/wp-content\/uploads\/2025\/07\/ferramenta-paride-rivenditori-verum-italy-maniglie-a-treviso.jpg","datePublished":"2025-07-21T06:55:50+00:00","dateModified":"2025-12-17T09:54:27+00:00","description":"Rivenditore Verum Italy maniglie porte finestre senza rosetta | Nuda Snapp Classy | 100% Made in Italy | Spedizioni 24h | Catalogo Online >","breadcrumb":{"@id":"https:\/\/www.ferramentaparide.it\/blog\/rivenditori-verum-italy-maniglie\/#breadcrumb"},"inLanguage":"it-IT","potentialAction":[{"@type":"ReadAction","target":["https:\/\/www.ferramentaparide.it\/blog\/rivenditori-verum-italy-maniglie\/"]}]},{"@type":"ImageObject","inLanguage":"it-IT","@id":"https:\/\/www.ferramentaparide.it\/blog\/rivenditori-verum-italy-maniglie\/#primaryimage","url":"https:\/\/www.ferramentaparide.it\/blog\/wp-content\/uploads\/2025\/07\/ferramenta-paride-rivenditori-verum-italy-maniglie-a-treviso.jpg","contentUrl":"https:\/\/www.ferramentaparide.it\/blog\/wp-content\/uploads\/2025\/07\/ferramenta-paride-rivenditori-verum-italy-maniglie-a-treviso.jpg","width":640,"height":480,"caption":"ferramenta-paride-rivenditori-verum-italy-maniglie-a-treviso"},{"@type":"BreadcrumbList","@id":"https:\/\/www.ferramentaparide.it\/blog\/rivenditori-verum-italy-maniglie\/#breadcrumb","itemListElement":[{"@type":"ListItem","position":1,"name":"Home","item":"https:\/\/www.ferramentaparide.it\/blog\/"},{"@type":"ListItem","position":2,"name":"RIVENDITORI VERUM ITALY MANIGLIE PER PORTE E FINESTRE"}]},{"@type":"WebSite","@id":"https:\/\/www.ferramentaparide.it\/blog\/#website","url":"https:\/\/www.ferramentaparide.it\/blog\/","name":"Ferramenta Paride","description":"Il Servizio per il Professionista","publisher":{"@id":"https:\/\/www.ferramentaparide.it\/blog\/#organization"},"potentialAction":[{"@type":"SearchAction","target":{"@type":"EntryPoint","urlTemplate":"https:\/\/www.ferramentaparide.it\/blog\/?s={search_term_string}"},"query-input":{"@type":"PropertyValueSpecification","valueRequired":true,"valueName":"search_term_string"}}],"inLanguage":"it-IT"},{"@type":"Organization","@id":"https:\/\/www.ferramentaparide.it\/blog\/#organization","name":"Ferramenta Paride","url":"https:\/\/www.ferramentaparide.it\/blog\/","logo":{"@type":"ImageObject","inLanguage":"it-IT","@id":"https:\/\/www.ferramentaparide.it\/blog\/#\/schema\/logo\/image\/","url":"https:\/\/www.ferramentaparide.it\/blog\/wp-content\/uploads\/2023\/11\/Logo_Ferramenta_Paride_20180225.webp","contentUrl":"https:\/\/www.ferramentaparide.it\/blog\/wp-content\/uploads\/2023\/11\/Logo_Ferramenta_Paride_20180225.webp","width":167,"height":25,"caption":"Ferramenta Paride"},"image":{"@id":"https:\/\/www.ferramentaparide.it\/blog\/#\/schema\/logo\/image\/"}},{"@type":"Person","@id":"https:\/\/www.ferramentaparide.it\/blog\/#\/schema\/person\/c4b5d43ff223cadd8241221ebf22ba59","name":"Amministratore","image":{"@type":"ImageObject","inLanguage":"it-IT","@id":"https:\/\/secure.gravatar.com\/avatar\/65250d644d0b69af20450314cf24e17fd4d93e49e6bcee3a036c2cef1b1c6439?s=96&d=mm&r=g","url":"https:\/\/secure.gravatar.com\/avatar\/65250d644d0b69af20450314cf24e17fd4d93e49e6bcee3a036c2cef1b1c6439?s=96&d=mm&r=g","contentUrl":"https:\/\/secure.gravatar.com\/avatar\/65250d644d0b69af20450314cf24e17fd4d93e49e6bcee3a036c2cef1b1c6439?s=96&d=mm&r=g","caption":"Amministratore"},"url":"https:\/\/www.ferramentaparide.it\/blog\/author\/ferramenta_admin_001\/"}]}},"_links":{"self":[{"href":"https:\/\/www.ferramentaparide.it\/blog\/wp-json\/wp\/v2\/posts\/10232","targetHints":{"allow":["GET"]}}],"collection":[{"href":"https:\/\/www.ferramentaparide.it\/blog\/wp-json\/wp\/v2\/posts"}],"about":[{"href":"https:\/\/www.ferramentaparide.it\/blog\/wp-json\/wp\/v2\/types\/post"}],"author":[{"embeddable":true,"href":"https:\/\/www.ferramentaparide.it\/blog\/wp-json\/wp\/v2\/users\/2"}],"replies":[{"embeddable":true,"href":"https:\/\/www.ferramentaparide.it\/blog\/wp-json\/wp\/v2\/comments?post=10232"}],"version-history":[{"count":2,"href":"https:\/\/www.ferramentaparide.it\/blog\/wp-json\/wp\/v2\/posts\/10232\/revisions"}],"predecessor-version":[{"id":10240,"href":"https:\/\/www.ferramentaparide.it\/blog\/wp-json\/wp\/v2\/posts\/10232\/revisions\/10240"}],"wp:featuredmedia":[{"embeddable":true,"href":"https:\/\/www.ferramentaparide.it\/blog\/wp-json\/wp\/v2\/media\/10241"}],"wp:attachment":[{"href":"https:\/\/www.ferramentaparide.it\/blog\/wp-json\/wp\/v2\/media?parent=10232"}],"wp:term":[{"taxonomy":"category","embeddable":true,"href":"https:\/\/www.ferramentaparide.it\/blog\/wp-json\/wp\/v2\/categories?post=10232"},{"taxonomy":"post_tag","embeddable":true,"href":"https:\/\/www.ferramentaparide.it\/blog\/wp-json\/wp\/v2\/tags?post=10232"}],"curies":[{"name":"wp","href":"https:\/\/api.w.org\/{rel}","templated":true}]}}